{"id":52293,"date":"2017-01-17T15:14:14","date_gmt":"2017-01-17T17:14:14","guid":{"rendered":"http:\/\/pdt-rj.org.br\/?p=52293"},"modified":"2017-01-26T11:40:10","modified_gmt":"2017-01-26T13:40:10","slug":"pdt-entra-oficialmente-na-disputa-pela-presidencia-da-camara","status":"publish","type":"post","link":"https:\/\/pdt-rj.org.br\/index.php\/pdt-entra-oficialmente-na-disputa-pela-presidencia-da-camara\/","title":{"rendered":"PDT entra oficialmente na disputa pela presid\u00eancia da C\u00e2mara"},"content":{"rendered":"<p>A Executiva Nacional do PDT e a bancada federal, reunidas no in\u00edcio da tarde desta ter\u00e7a-feira em Bras\u00edlia, anunciaram a candidatura de Andr\u00e9 Figueiredo (PDT-CE) \u00e0 presid\u00eancia da C\u00e2mara dos Deputados.<\/p>\n<p>&#8220;O desafio \u00e9 reunir o campo pol\u00edtico que representa uma nova agenda para constru\u00e7\u00e3o da Na\u00e7\u00e3o que sonhamos. Por isso sou candidato&#8221;, afirmou Andr\u00e9, ao declarar que se sentiu honrado por seu nome ter sido escolhido de forma un\u00e2nime pela legenda. \u201cNossa candidatura \u00e9 irrevers\u00edvel\u201d, ratificou.<\/p>\n<p>Para o pedetista, a expectativa \u00e9 que a sua candidatura receba o apoio do PT e do PC do B, que nesta semana decidem essa quest\u00e3o. \u201cSeria no m\u00ednimo contradit\u00f3rio que esses dois partidos, que t\u00eam uma trajet\u00f3ria pol\u00edtica de respeito e de lutas em prol da democracia, venham a apoiar eventuais candidatos que atentaram contra a nossa democracia em um passado recente\u201d.<\/p>\n<p>O presidente nacional do PDT, Carlos Lupi, reafirmou o compromisso de unificar os partidos progressistas em torno de uma sa\u00edda institucional para a crise pol\u00edtica que atinge o Brasil.<\/p>\n<p>&#8220;\u00c9 importante termos posi\u00e7\u00e3o. J\u00e1 temos a candidatura do Ciro Gomes em 2018 para a presid\u00eancia, e agora, com Andr\u00e9, pretendemos devolver o protagonismo do Parlamento, que foi muito prejudicado durante o processo ileg\u00edtimo que derrubou Dilma da presid\u00eancia&#8221;, disse Lupi.<\/p>\n<p>O an\u00fancio oficial foi feito durante a reuni\u00e3o da Executiva, e contou ainda com a presen\u00e7a do l\u00edder do PT na C\u00e2mara, deputado federal Carlos Zaratini (SP).<\/p>\n<p>&#8220;Olhamos com muita simpatia a candidatura do Andr\u00e9, porque estamos no mesmo campo progressista; temos muitas ideias em comum. O Andr\u00e9 \u00e9 um quadro muito preparado e conhece bem o processo legislativo&#8221;, afirmou Zaratini.<\/p>\n<p>O PT se re\u00fane ao longo desta semana para decidir quem apoiar nas elei\u00e7\u00f5es.<\/p>\n<!-- AddThis Advanced Settings generic via filter on the_content --><!-- AddThis Share Buttons generic via filter on the_content -->","protected":false},"excerpt":{"rendered":"<p>A Executiva Nacional do PDT e a bancada federal, reunidas no in\u00edcio da tarde desta ter\u00e7a-feira em Bras\u00edlia, anunciaram a candidatura de Andr\u00e9 Figueiredo (PDT-CE) \u00e0 presid\u00eancia da C\u00e2mara dos Deputados. &#8220;O desafio \u00e9 reunir o campo pol\u00edtico que representa uma nova agenda para constru\u00e7\u00e3o da Na\u00e7\u00e3o que sonhamos. Por isso sou candidato&#8221;, afirmou Andr\u00e9,&#8230;<!-- AddThis Advanced Settings generic via filter on wp_trim_excerpt --><!-- AddThis Share Buttons generic via filter on wp_trim_excerpt --><\/p>\n","protected":false},"author":17,"featured_media":52294,"comment_status":"closed","ping_status":"closed","sticky":false,"template":"","format":"standard","meta":{"_monsterinsights_skip_tracking":false,"_monsterinsights_sitenote_active":false,"_monsterinsights_sitenote_note":"","_monsterinsights_sitenote_category":0,"_uf_show_specific_survey":0,"_uf_disable_surveys":false,"footnotes":""},"categories":[1459],"tags":[],"class_list":["post-52293","post","type-post","status-publish","format-standard","has-post-thumbnail","hentry","category-congresso"],"acf":[],"_links":{"self":[{"href":"https:\/\/pdt-rj.org.br\/index.php\/wp-json\/wp\/v2\/posts\/52293","targetHints":{"allow":["GET"]}}],"collection":[{"href":"https:\/\/pdt-rj.org.br\/index.php\/wp-json\/wp\/v2\/posts"}],"about":[{"href":"https:\/\/pdt-rj.org.br\/index.php\/wp-json\/wp\/v2\/types\/post"}],"author":[{"embeddable":true,"href":"https:\/\/pdt-rj.org.br\/index.php\/wp-json\/wp\/v2\/users\/17"}],"replies":[{"embeddable":true,"href":"https:\/\/pdt-rj.org.br\/index.php\/wp-json\/wp\/v2\/comments?post=52293"}],"version-history":[{"count":5,"href":"https:\/\/pdt-rj.org.br\/index.php\/wp-json\/wp\/v2\/posts\/52293\/revisions"}],"predecessor-version":[{"id":52373,"href":"https:\/\/pdt-rj.org.br\/index.php\/wp-json\/wp\/v2\/posts\/52293\/revisions\/52373"}],"wp:featuredmedia":[{"embeddable":true,"href":"https:\/\/pdt-rj.org.br\/index.php\/wp-json\/wp\/v2\/media\/52294"}],"wp:attachment":[{"href":"https:\/\/pdt-rj.org.br\/index.php\/wp-json\/wp\/v2\/media?parent=52293"}],"wp:term":[{"taxonomy":"category","embeddable":true,"href":"https:\/\/pdt-rj.org.br\/index.php\/wp-json\/wp\/v2\/categories?post=52293"},{"taxonomy":"post_tag","embeddable":true,"href":"https:\/\/pdt-rj.org.br\/index.php\/wp-json\/wp\/v2\/tags?post=52293"}],"curies":[{"name":"wp","href":"https:\/\/api.w.org\/{rel}","templated":true}]}}