{"id":52290,"date":"2017-01-17T15:00:09","date_gmt":"2017-01-17T17:00:09","guid":{"rendered":"http:\/\/pdt-rj.org.br\/?p=52290"},"modified":"2017-02-10T18:24:54","modified_gmt":"2017-02-10T20:24:54","slug":"executiva-nacional-do-pdt-expulsa-senador-telmario-mota","status":"publish","type":"post","link":"https:\/\/pdt-rj.org.br\/index.php\/executiva-nacional-do-pdt-expulsa-senador-telmario-mota\/","title":{"rendered":"Executiva Nacional do PDT expulsa senador Telm\u00e1rio Mota"},"content":{"rendered":"<p>A Executiva Nacional do PDT decidiu, <em>Ad referendum<\/em>, expulsar o senador Telm\u00e1rio Mota (RR) dos quadros da legenda. A decis\u00e3o foi tomada ap\u00f3s o senador, por mais de uma vez, n\u00e3o seguir decis\u00f5es partid\u00e1rias e, mais recentemente, atacar membros da dire\u00e7\u00e3o em uma entrevista \u00e0 R\u00e1dio Gua\u00edba, do Rio Grande do Sul.<\/p>\n<p>O Senador foi enquadrado no Inciso 2 do Artigo 62 do Estatuto, que prev\u00ea a puni\u00e7\u00e3o<em>, Ad referendum<\/em>, de membros que tomem atitudes graves.<\/p>\n<p>&#8220;A entrevista dele foi de uma agressividade que ningu\u00e9m entendeu. Disse que a dire\u00e7\u00e3o do partido \u00e9 formada por ladr\u00f5es. Desta forma, proponho que ele seja expulso e que, caso tenha coragem, use o seu amplo direito de defesa&#8221;, afirmou Lupi. A decis\u00e3o de expulsar o senador foi un\u00e2nime na Executiva.<\/p>\n<p>O senador poder\u00e1 apresentar sua defesa a ser analisada pelo Diret\u00f3rio Nacional, em reuni\u00e3o que vai acontecer em 18 de mar\u00e7o.<\/p>\n<!-- AddThis Advanced Settings generic via filter on the_content --><!-- AddThis Share Buttons generic via filter on the_content -->","protected":false},"excerpt":{"rendered":"<p>A Executiva Nacional do PDT decidiu, Ad referendum, expulsar o senador Telm\u00e1rio Mota (RR) dos quadros da legenda. A decis\u00e3o foi tomada ap\u00f3s o senador, por mais de uma vez, n\u00e3o seguir decis\u00f5es partid\u00e1rias e, mais recentemente, atacar membros da dire\u00e7\u00e3o em uma entrevista \u00e0 R\u00e1dio Gua\u00edba, do Rio Grande do Sul. O Senador foi&#8230;<!-- AddThis Advanced Settings generic via filter on wp_trim_excerpt --><!-- AddThis Share Buttons generic via filter on wp_trim_excerpt --><\/p>\n","protected":false},"author":17,"featured_media":52291,"comment_status":"closed","ping_status":"closed","sticky":false,"template":"","format":"standard","meta":{"_monsterinsights_skip_tracking":false,"_monsterinsights_sitenote_active":false,"_monsterinsights_sitenote_note":"","_monsterinsights_sitenote_category":0,"_uf_show_specific_survey":0,"_uf_disable_surveys":false,"footnotes":""},"categories":[1459,1401],"tags":[],"class_list":["post-52290","post","type-post","status-publish","format-standard","has-post-thumbnail","hentry","category-congresso","category-nacional"],"acf":[],"_links":{"self":[{"href":"https:\/\/pdt-rj.org.br\/index.php\/wp-json\/wp\/v2\/posts\/52290","targetHints":{"allow":["GET"]}}],"collection":[{"href":"https:\/\/pdt-rj.org.br\/index.php\/wp-json\/wp\/v2\/posts"}],"about":[{"href":"https:\/\/pdt-rj.org.br\/index.php\/wp-json\/wp\/v2\/types\/post"}],"author":[{"embeddable":true,"href":"https:\/\/pdt-rj.org.br\/index.php\/wp-json\/wp\/v2\/users\/17"}],"replies":[{"embeddable":true,"href":"https:\/\/pdt-rj.org.br\/index.php\/wp-json\/wp\/v2\/comments?post=52290"}],"version-history":[{"count":5,"href":"https:\/\/pdt-rj.org.br\/index.php\/wp-json\/wp\/v2\/posts\/52290\/revisions"}],"predecessor-version":[{"id":52633,"href":"https:\/\/pdt-rj.org.br\/index.php\/wp-json\/wp\/v2\/posts\/52290\/revisions\/52633"}],"wp:featuredmedia":[{"embeddable":true,"href":"https:\/\/pdt-rj.org.br\/index.php\/wp-json\/wp\/v2\/media\/52291"}],"wp:attachment":[{"href":"https:\/\/pdt-rj.org.br\/index.php\/wp-json\/wp\/v2\/media?parent=52290"}],"wp:term":[{"taxonomy":"category","embeddable":true,"href":"https:\/\/pdt-rj.org.br\/index.php\/wp-json\/wp\/v2\/categories?post=52290"},{"taxonomy":"post_tag","embeddable":true,"href":"https:\/\/pdt-rj.org.br\/index.php\/wp-json\/wp\/v2\/tags?post=52290"}],"curies":[{"name":"wp","href":"https:\/\/api.w.org\/{rel}","templated":true}]}}