{"id":52220,"date":"2017-01-17T00:59:07","date_gmt":"2017-01-17T02:59:07","guid":{"rendered":"http:\/\/pdt-rj.org.br\/?p=52220"},"modified":"2017-01-30T17:39:31","modified_gmt":"2017-01-30T19:39:31","slug":"miguelina-vecchio-conseguimos-muitos-avancos-dentro-do-proprio-partido","status":"publish","type":"post","link":"https:\/\/pdt-rj.org.br\/index.php\/miguelina-vecchio-conseguimos-muitos-avancos-dentro-do-proprio-partido\/","title":{"rendered":"Miguelina Vecchio: \u201c\u00c9 preciso continuar lutando pelo nosso espa\u00e7o\u201d"},"content":{"rendered":"<p>Mais da metade da popula\u00e7\u00e3o brasileira \u00e9 composta por mulheres. Por outro lado, elas n\u00e3o representam 10% do quadro pol\u00edtico no pa\u00eds. O fato est\u00e1 impresso no resultado das \u00faltimas elei\u00e7\u00f5es municipais: de cada 10 prefeitos eleitos em primeiro turno, apenas um \u00e9 do sexo feminino.<\/p>\n<p>Atento a esse fato, o PDT tem lutado pela inser\u00e7\u00e3o da mulher na pol\u00edtica por meio do seu forte bra\u00e7o feminino, a A\u00e7\u00e3o da Mulher Trabalhista (AMT).<\/p>\n<p>Em entrevista ao portal do PDT, a presidente nacional da AMT e primeira vice-presidente nacional do PDT, Miguelina Vecchio, contou um pouco da hist\u00f3ria do Movimento e falou sobre a luta das mulheres trabalhistas na pol\u00edtica brasileira.<\/p>\n<p>&nbsp;<\/p>\n<p><strong><em>PDT \u2013 <\/em><\/strong><strong>Quando nasceu a AMT e o que motivou a sua cria\u00e7\u00e3o?<\/strong><\/p>\n<p><strong><em>Miguelina<\/em><\/strong><strong> \u2013 <\/strong>O PDT foi o primeiro partido pol\u00edtico a incluir a quest\u00e3o da mulher em seu estatuto partid\u00e1rio. Brizola tinha a vis\u00e3o da necessidade de qualificar os quadros femininos do partido. Ent\u00e3o, entre 1980 e 1981, foi criado o primeiro Movimento de mulheres.<\/p>\n<p>A primeira inten\u00e7\u00e3o da AMT era tornar as mulheres vis\u00edveis dentro do partido. Em seguida, fizemos do discurso do partido sobre a igualdade da mulher, algo org\u00e2nico no exerc\u00edcio do poder. Por exemplo: se tem prefeitura do PDT, tinha que incluir secret\u00e1rias mulheres para fazer pol\u00edticas p\u00fablicas voltadas para as mulheres.<\/p>\n<p>Al\u00e9m disso, t\u00ednhamos a ideia de capacitar as mulheres para o exerc\u00edcio do mandato com uma vis\u00e3o mais generosa para o conjunto do g\u00eanero feminino.<\/p>\n<p><strong><em>PDT \u2013 <\/em><\/strong><strong>Como a A\u00e7\u00e3o construiu sua identidade?<\/strong><\/p>\n<p><strong><em>Miguelina<\/em><\/strong> \u2013 No princ\u00edpio, muitas mulheres do Movimento n\u00e3o tinham uma vis\u00e3o apurada sobre g\u00eanero e constru\u00e7\u00e3o da igualdade. Era uma luta para disputar o poder individualmente. Com o tempo, fomos entendendo que os avan\u00e7os tinham de ser coletivos e todas n\u00f3s aprendemos com isso. Tivemos de nos acostumar com a ideia de que esse aprendizado coletivo \u00e9 que levaria a AMT a se tornar efetivamente um \u00f3rg\u00e3o dentro do PDT.<\/p>\n<p>Come\u00e7amos a fomentar dentro dos organismos internos do partido que essas mulheres come\u00e7assem a ocupar espa\u00e7o na sociedade civil organizada. A primeira orienta\u00e7\u00e3o era para que elas fossem para os Conselhos de Direitos das Mulheres nos munic\u00edpios e nos Estados, levando o nome da A\u00e7\u00e3o da Mulher Trabalhista como sua identidade. Assim fomos conquistando espa\u00e7o.<\/p>\n<p><strong><em>PDT<\/em><\/strong><strong> \u2013 A pol\u00edtica no Brasil \u00e9 essencialmente machista. De que forma a AMT conquistou espa\u00e7o nesse universo?<\/strong><\/p>\n<p><strong><em>Miguelina<\/em><\/strong> \u2013 Essa conquista come\u00e7ou dentro do pr\u00f3prio partido. Lan\u00e7amos o Movimento, mas t\u00ednhamos pouca representatividade no exerc\u00edcio da estrutura partid\u00e1ria. A Executiva Nacional, por exemplo, tem poucas mulheres. Essa realidade tem mudado desde que Lupi assumiu a presid\u00eancia do PDT, porque ele tem uma vis\u00e3o diferenciada a respeito da quest\u00e3o da mulher. Muitos companheiros homens que est\u00e3o na Executiva acham que devem ocupar todo o espa\u00e7o. Mas Lupi faz press\u00e3o para que a gente ocupe esse espa\u00e7o e todo mundo acaba concordando porque ele \u00e9 o l\u00edder.<\/p>\n<p>Depois que chegamos aos Conselhos de Direitos das Mulheres, come\u00e7amos a disputar espa\u00e7o para ocupar Secretarias da Mulher em prefeituras do PDT. Aqui em Porto Alegre, por exemplo, a secret\u00e1ria da mulher \u00e9 presidente estadual da AMT no Rio Grande do Sul.<\/p>\n<p>Passamos a fiscalizar as pol\u00edticas para a mulher por meio dos Conselhos e, tamb\u00e9m, a formular essas pol\u00edticas nas Secretarias. N\u00e3o foi f\u00e1cil porque existiam interesses divergentes a nossa causa, mas ganhamos a briga e os nomes indicados para as Secretarias, hoje, s\u00e3o escolhidos pela A\u00e7\u00e3o da Mulher Trabalhista.<\/p>\n<p><strong><em>PDT<\/em><\/strong><strong> \u2013 Quais as grandes conquista da AMT em sua jornada?<\/strong><\/p>\n<p><strong><em>Miguelina<\/em><\/strong> \u2013 Conseguimos muitos avan\u00e7os dentro do pr\u00f3prio partido. Para come\u00e7ar, eu sou a primeira vice-presidente mulher do PDT. Baixamos uma resolu\u00e7\u00e3o para que as mulheres que ocupam os 30% das vagas nos diret\u00f3rios sejam indicadas por n\u00f3s. Aumentamos o investimento partid\u00e1rio em capacita\u00e7\u00e3o de mulheres para mais de 10% dos fundos, em vista que o m\u00ednimo estabelecido por Lei \u00e9 de 5%.<\/p>\n<p>Essas s\u00e3o algumas das nossas conquistas e volto a afirmar que o apoio do presidente Carlos Lupi foi muito importante para o desenvolvimento da AMT. De todos os Movimentos de mulheres em partidos pol\u00edticos, o nosso \u00e9 o que tem a melhor rela\u00e7\u00e3o com a presid\u00eancia.<\/p>\n<p><strong><em>PDT<\/em><\/strong> \u2013 <strong>Quais os frutos da luta da AMT para a sociedade em geral?<\/strong><\/p>\n<p><strong><em>Miguelina<\/em><\/strong> \u2013 Muitos. Na medida em que a A\u00e7\u00e3o interfere no exerc\u00edcio das prefeituras, por exemplo, mostra para as mulheres qual \u00e9 a necessidade da escola integral. \u00c9 ela que vai reduzir ou banir o trabalho infantil, evitar a gravidez na adolesc\u00eancia, entre outras coisas. Em poucos itens explicados para as mulheres, elas passam a entender a escola de turno integral al\u00e9m de um lugar para deixar os filhos. Isso \u00e9 um processo de interven\u00e7\u00e3o que as mulheres s\u00e3o capazes de fazer para outras mulheres.<\/p>\n<p>Outro exemplo: desde que a nossa companheira assumiu a subsecret\u00e1ria de mulheres do munic\u00edpio de Porto Alegre, nenhuma v\u00edtima de viol\u00eancia foi a \u00f3bito. L\u00e1 tem um sistema integrado com outras prefeituras que quando uma mulher est\u00e1 sendo perseguida, ela \u00e9 tirada da cidade. Isso \u00e9 o exerc\u00edcio daquilo que acreditamos e que podemos colocar na gest\u00e3o p\u00fablica.<\/p>\n<p><strong><em>PDT \u2013 <\/em><\/strong><strong>Qual a import\u00e2ncia da inser\u00e7\u00e3o da mulher na pol\u00edtica?<\/strong><\/p>\n<p><strong><em>Miguelina<\/em><\/strong> \u2013 Total. N\u00e3o se pode falar em igualdade, socialismo, oportunidades, se tiver mais da metade da popula\u00e7\u00e3o [mulheres no Brasil] banida das decis\u00f5es pol\u00edticas. \u00c9 a pol\u00edtica que define tudo. Se as mulheres n\u00e3o estiverem neste processo, a pol\u00edtica n\u00e3o ter\u00e1 a totalidade dos sonhos e dos desejos da popula\u00e7\u00e3o.<\/p>\n<p>Ainda que tenhamos menos de 10% de representa\u00e7\u00e3o, n\u00e3o daria para contar que estes 10% se reconhecem como mulheres no exerc\u00edcio do mandato porque muitas s\u00e3o filhas de algu\u00e9m, mulheres de algu\u00e9m, e acabam fazendo pol\u00edtica com o olhar masculino. \u00c9 preciso continuar lutando pelo nosso espa\u00e7o para que a representatividade na pol\u00edtica traduza a realidade social do pa\u00eds.<\/p>\n<!-- AddThis Advanced Settings generic via filter on the_content --><!-- AddThis Share Buttons generic via filter on the_content -->","protected":false},"excerpt":{"rendered":"<p>Mais da metade da popula\u00e7\u00e3o brasileira \u00e9 composta por mulheres. Por outro lado, elas n\u00e3o representam 10% do quadro pol\u00edtico no pa\u00eds. O fato est\u00e1 impresso no resultado das \u00faltimas elei\u00e7\u00f5es municipais: de cada 10 prefeitos eleitos em primeiro turno, apenas um \u00e9 do sexo feminino. Atento a esse fato, o PDT tem lutado pela&#8230;<!-- AddThis Advanced Settings generic via filter on wp_trim_excerpt --><!-- AddThis Share Buttons generic via filter on wp_trim_excerpt --><\/p>\n","protected":false},"author":17,"featured_media":52223,"comment_status":"closed","ping_status":"closed","sticky":false,"template":"","format":"standard","meta":{"_monsterinsights_skip_tracking":false,"_monsterinsights_sitenote_active":false,"_monsterinsights_sitenote_note":"","_monsterinsights_sitenote_category":0,"_uf_show_specific_survey":0,"_uf_disable_surveys":false,"footnotes":""},"categories":[1585,1390,1400],"tags":[87,111,1915,196,1916,434,1913,565,614,38,745,1914],"class_list":["post-52220","post","type-post","status-publish","format-standard","has-post-thumbnail","hentry","category-amt","category-editorias","category-entrevistas","tag-acao-da-mulher-trabalhista","tag-amt","tag-aprendizado-coletivo","tag-carlos-lupi","tag-construcao-da-igualdade","tag-genero","tag-igualdade-da-mulher","tag-leonel-brizola","tag-miguelina-vecchio","tag-pdt","tag-politicas-publicas","tag-sociedade-civil-organizada"],"acf":[],"_links":{"self":[{"href":"https:\/\/pdt-rj.org.br\/index.php\/wp-json\/wp\/v2\/posts\/52220","targetHints":{"allow":["GET"]}}],"collection":[{"href":"https:\/\/pdt-rj.org.br\/index.php\/wp-json\/wp\/v2\/posts"}],"about":[{"href":"https:\/\/pdt-rj.org.br\/index.php\/wp-json\/wp\/v2\/types\/post"}],"author":[{"embeddable":true,"href":"https:\/\/pdt-rj.org.br\/index.php\/wp-json\/wp\/v2\/users\/17"}],"replies":[{"embeddable":true,"href":"https:\/\/pdt-rj.org.br\/index.php\/wp-json\/wp\/v2\/comments?post=52220"}],"version-history":[{"count":17,"href":"https:\/\/pdt-rj.org.br\/index.php\/wp-json\/wp\/v2\/posts\/52220\/revisions"}],"predecessor-version":[{"id":52635,"href":"https:\/\/pdt-rj.org.br\/index.php\/wp-json\/wp\/v2\/posts\/52220\/revisions\/52635"}],"wp:featuredmedia":[{"embeddable":true,"href":"https:\/\/pdt-rj.org.br\/index.php\/wp-json\/wp\/v2\/media\/52223"}],"wp:attachment":[{"href":"https:\/\/pdt-rj.org.br\/index.php\/wp-json\/wp\/v2\/media?parent=52220"}],"wp:term":[{"taxonomy":"category","embeddable":true,"href":"https:\/\/pdt-rj.org.br\/index.php\/wp-json\/wp\/v2\/categories?post=52220"},{"taxonomy":"post_tag","embeddable":true,"href":"https:\/\/pdt-rj.org.br\/index.php\/wp-json\/wp\/v2\/tags?post=52220"}],"curies":[{"name":"wp","href":"https:\/\/api.w.org\/{rel}","templated":true}]}}