{"id":52176,"date":"2017-01-16T18:55:35","date_gmt":"2017-01-16T20:55:35","guid":{"rendered":"http:\/\/pdt-rj.org.br\/?p=52176"},"modified":"2017-02-10T18:32:39","modified_gmt":"2017-02-10T20:32:39","slug":"ciro-e-necessario-que-se-unifique-a-inteligencia-progressista-do-brasil","status":"publish","type":"post","link":"https:\/\/pdt-rj.org.br\/index.php\/ciro-e-necessario-que-se-unifique-a-inteligencia-progressista-do-brasil\/","title":{"rendered":"Ciro: \u201c\u00c9 necess\u00e1rio que se unifique a intelig\u00eancia progressista do Brasil\u201d"},"content":{"rendered":"<p>Em entrevista exclusiva \u00e0 p\u00e1gina eletr\u00f4nica do PDT, o presidenci\u00e1vel Ciro Gomes, como de costume, solta o verbo e classifica de &#8220;quadrilha de imorais e entreguistas&#8221; o grupo que golpeou nossa ainda jovem e fr\u00e1gil democracia e se aboletou no poder central. Na vis\u00e3o de Ciro, o quadro de anarquia instaurado no Brasil ap\u00f3s a derrubada de Dilma Roussef \u00e9 preocupante e mergulha o pa\u00eds no pior quadro econ\u00f4mico da hist\u00f3ria.<\/p>\n<p>&#8220;\u00c9 necess\u00e1rio que se unifique a intelig\u00eancia progressista do Brasil para que possamos pensar juntos em alternativas&#8221;, afirma Ciro, que se coloca neste momento do tabuleiro pol\u00edtico como &#8220;novidade testada e aprovada&#8221;.<\/p>\n<p>&#8220;S\u00e3o 36 anos de vida p\u00fablica. Passei por quase todos os cargos. Governante do oitavo maior Estado brasileiro (Cear\u00e1) e fui Ministro da Fazenda. N\u00e3o que n\u00e3o seja uma obriga\u00e7\u00e3o \u2013 porque \u00e9 \u2013 mas n\u00e3o tenho nenhum processo por desvio de dinheiro p\u00fablico&#8221;, relembra.<\/p>\n<p>Ciro tamb\u00e9m falou sobre os jovens, e acredita que esta gera\u00e7\u00e3o que est\u00e1 indo \u00e0s ruas lutar contra a PEC 55, que congela gastos em educa\u00e7\u00e3o e sa\u00fade por 20 anos, ser\u00e1 decisiva na retomada democr\u00e1tica do Brasil.<\/p>\n<p>&nbsp;<\/p>\n<p>Assista abaixo a \u00edntegra da entrevista de Ciro Gomes \u00e0 p\u00e1gina do PDT:<\/p>\n<p><iframe loading=\"lazy\" title=\"Entrevista exclusiva de Ciro Gomes para o PDT Nacional\" width=\"640\" height=\"360\" src=\"https:\/\/www.youtube.com\/embed\/xILq4_1XfQc?feature=oembed\" frameborder=\"0\" allow=\"accelerometer; autoplay; clipboard-write; encrypted-media; gyroscope; picture-in-picture; web-share\" referrerpolicy=\"strict-origin-when-cross-origin\" allowfullscreen><\/iframe><\/p>\n<!-- AddThis Advanced Settings generic via filter on the_content --><!-- AddThis Share Buttons generic via filter on the_content -->","protected":false},"excerpt":{"rendered":"<p>Em entrevista exclusiva \u00e0 p\u00e1gina eletr\u00f4nica do PDT, o presidenci\u00e1vel Ciro Gomes, como de costume, solta o verbo e classifica de &#8220;quadrilha de imorais e entreguistas&#8221; o grupo que golpeou nossa ainda jovem e fr\u00e1gil democracia e se aboletou no poder central. Na vis\u00e3o de Ciro, o quadro de anarquia instaurado no Brasil ap\u00f3s a&#8230;<!-- AddThis Advanced Settings generic via filter on wp_trim_excerpt --><!-- AddThis Share Buttons generic via filter on wp_trim_excerpt --><\/p>\n","protected":false},"author":17,"featured_media":52178,"comment_status":"closed","ping_status":"closed","sticky":false,"template":"","format":"standard","meta":{"_monsterinsights_skip_tracking":false,"_monsterinsights_sitenote_active":false,"_monsterinsights_sitenote_note":"","_monsterinsights_sitenote_category":0,"_uf_show_specific_survey":0,"_uf_disable_surveys":false,"footnotes":""},"categories":[1390],"tags":[220,363,1907,1984],"class_list":["post-52176","post","type-post","status-publish","format-standard","has-post-thumbnail","hentry","category-editorias","tag-ciro-gomes","tag-entreguistas","tag-imorais","tag-inteligencia-progressista"],"acf":[],"_links":{"self":[{"href":"https:\/\/pdt-rj.org.br\/index.php\/wp-json\/wp\/v2\/posts\/52176","targetHints":{"allow":["GET"]}}],"collection":[{"href":"https:\/\/pdt-rj.org.br\/index.php\/wp-json\/wp\/v2\/posts"}],"about":[{"href":"https:\/\/pdt-rj.org.br\/index.php\/wp-json\/wp\/v2\/types\/post"}],"author":[{"embeddable":true,"href":"https:\/\/pdt-rj.org.br\/index.php\/wp-json\/wp\/v2\/users\/17"}],"replies":[{"embeddable":true,"href":"https:\/\/pdt-rj.org.br\/index.php\/wp-json\/wp\/v2\/comments?post=52176"}],"version-history":[{"count":13,"href":"https:\/\/pdt-rj.org.br\/index.php\/wp-json\/wp\/v2\/posts\/52176\/revisions"}],"predecessor-version":[{"id":52798,"href":"https:\/\/pdt-rj.org.br\/index.php\/wp-json\/wp\/v2\/posts\/52176\/revisions\/52798"}],"wp:featuredmedia":[{"embeddable":true,"href":"https:\/\/pdt-rj.org.br\/index.php\/wp-json\/wp\/v2\/media\/52178"}],"wp:attachment":[{"href":"https:\/\/pdt-rj.org.br\/index.php\/wp-json\/wp\/v2\/media?parent=52176"}],"wp:term":[{"taxonomy":"category","embeddable":true,"href":"https:\/\/pdt-rj.org.br\/index.php\/wp-json\/wp\/v2\/categories?post=52176"},{"taxonomy":"post_tag","embeddable":true,"href":"https:\/\/pdt-rj.org.br\/index.php\/wp-json\/wp\/v2\/tags?post=52176"}],"curies":[{"name":"wp","href":"https:\/\/api.w.org\/{rel}","templated":true}]}}