{"id":51909,"date":"2016-10-11T15:43:04","date_gmt":"2016-10-11T18:43:04","guid":{"rendered":"http:\/\/pdt-rj.org.br\/?post_type=artigo&#038;p=48909"},"modified":"2017-01-16T09:52:05","modified_gmt":"2017-01-16T11:52:05","slug":"pec-241","status":"publish","type":"post","link":"https:\/\/pdt-rj.org.br\/index.php\/pec-241\/","title":{"rendered":"PEC 241\u2013 Nossa Na\u00e7\u00e3o est\u00e1 sendo sangrada"},"content":{"rendered":"<p>Nossa Na\u00e7\u00e3o brasileira est\u00e1 sendo sangrada. J\u00e1 n\u00e3o \u00e9 mais o estado de direito rasgado, nem a den\u00fancia de um golpe de estado praticado em cima da compreens\u00edvel impopularidade do governo derrubado. Fato: est\u00e1 na presid\u00eancia da rep\u00fablica um usurpador sem votos e ativo c\u00famplice da cleptocracia dominante em nossa ex-rep\u00fablica.<\/p>\n<p>As gigantescas riquezas do petr\u00f3leo, especialmente as ainda incont\u00e1veis reservas do pr\u00e9-sal \u2013 todas descobertas com pesados investimentos p\u00fablicos da Petrobras , na hora de se ressarcir e sinalizar concretamente de onde viria o dinheiro para libertar nossos filhos e netos da mis\u00e9ria ,da viol\u00eancia da doen\u00e7a e do atraso, foram entregues ,semana passada , sem qualquer m\u00ednima justificativa ( antecipar investimentos \u00e9 pagar conta de hoje com a poupan\u00e7a do futuro ) aos estrangeiros. Fato: uma empresa ESTATAL da Noruega &#8220;comprou&#8221; um campo descoberto pela PETROBRAS ( campo carcar\u00e1 ) em que o barril de petr\u00f3leo saiu do patrim\u00f4nio do povo brasileiro para o patrim\u00f4nio do povo noruegu\u00eas por um pre\u00e7o menor do que uma latinha de Coca-Cola .<\/p>\n<p>Nesta madrugada, a coaliz\u00e3o dominante votou \u2013 sem qualquer debate com a popula\u00e7\u00e3o \u2013 uma emenda \u00e0 constitui\u00e7\u00e3o de 1988 que, na pr\u00e1tica, a revoga. Ficam tabeladas todas as despesas p\u00fablicas do Pa\u00eds aos valores de hoje, mais exclusivamente a taxa de infla\u00e7\u00e3o, menos a despesa p\u00fablica, paga com o mesmo dinheiro dos impostos, feita com juros da d\u00edvida p\u00fablica. Entenda-se , n\u00e3o ser\u00e1 mais o entrechoque democr\u00e1tica de press\u00f5es e contrapress\u00f5es existentes na sociedade que definir\u00e3o o or\u00e7amento p\u00fablico, suas prioridades, seus cortes, seus privil\u00e9gios, seus acertos. \u00c9 um piloto autom\u00e1tico que salva metade (quase) do dinheiro p\u00fablico para os banqueiros e seus clientes abastados (este ano ser\u00e3o mais de 550 BILH\u00d5ES DE REAIS) e p\u00f5e para brigar todos os outros interesses da complexa e desigual sociedade brasileira. Entre os sal\u00e1rios de pol\u00edticos, ju\u00edzes, minist\u00e9rio p\u00fablico, advinha quem, pelos pr\u00f3ximos 20 anos vai ganhar mais que a infla\u00e7\u00e3o e quem, especialmente o sal\u00e1rio m\u00ednimo, as aposentadorias, o per capita em sa\u00fade, o per capita em educa\u00e7\u00e3o, quem vai sair perdendo, e muito?<\/p>\n<p>Fato: o desequil\u00edbrio das contas p\u00fablicas \u00e9 muito grave e tem que ser corrigido. Como se explica a mesma coaliz\u00e3o reajustar os maiores sal\u00e1rios, n\u00e3o cobrar impostos sobre lucros e dividendos, ser regressiva na tributa\u00e7\u00e3o dos mais ricos especialmente sobre heran\u00e7as e doa\u00e7\u00f5es, manter (sem nenhuma explica\u00e7\u00e3o t\u00e9cnica plaus\u00edvel) a maior taxa de juros do mundo, e congelar POR 20 ANOS, o atual e precar\u00edssimo n\u00edvel de sa\u00fade p\u00fablica, educa\u00e7\u00e3o p\u00fablica, seguridade social?!<\/p>\n<p>Junte-se a tudo isto o quase sumi\u00e7o da tal opera\u00e7\u00e3o lava-jato. Fato: por que Eduardo Cunha (PMDB) est\u00e1 ainda solto?<\/p>\n<p>E querem que eu seja um lorde cordial que escolha as palavras para denunciar tudo isto e todos estes&#8230; H\u00e1 limites a partir dos quais calar \u00e9 covardia e ser delicado, trai\u00e7\u00e3o!<\/p>\n<!-- AddThis Advanced Settings generic via filter on the_content --><!-- AddThis Share Buttons generic via filter on the_content -->","protected":false},"excerpt":{"rendered":"<p>Nossa Na\u00e7\u00e3o brasileira est\u00e1 sendo sangrada. J\u00e1 n\u00e3o \u00e9 mais o estado de direito rasgado, nem a den\u00fancia de um golpe de estado praticado em cima da compreens\u00edvel impopularidade do governo derrubado. Fato: est\u00e1 na presid\u00eancia da rep\u00fablica um usurpador sem votos e ativo c\u00famplice da cleptocracia dominante em nossa ex-rep\u00fablica. As gigantescas riquezas do&#8230;<!-- AddThis Advanced Settings generic via filter on wp_trim_excerpt --><!-- AddThis Share Buttons generic via filter on wp_trim_excerpt --><\/p>\n","protected":false},"author":17,"featured_media":0,"comment_status":"closed","ping_status":"closed","sticky":false,"template":"","format":"standard","meta":{"_monsterinsights_skip_tracking":false,"_monsterinsights_sitenote_active":false,"_monsterinsights_sitenote_note":"","_monsterinsights_sitenote_category":0,"_uf_show_specific_survey":0,"_uf_disable_surveys":false,"footnotes":""},"categories":[1584],"tags":[220,287,38,1460,718,756],"class_list":["post-51909","post","type-post","status-publish","format-standard","hentry","category-artigos","tag-ciro-gomes","tag-democracia","tag-pdt","tag-pec-241","tag-petrobras","tag-pre-sal"],"acf":[],"_links":{"self":[{"href":"https:\/\/pdt-rj.org.br\/index.php\/wp-json\/wp\/v2\/posts\/51909","targetHints":{"allow":["GET"]}}],"collection":[{"href":"https:\/\/pdt-rj.org.br\/index.php\/wp-json\/wp\/v2\/posts"}],"about":[{"href":"https:\/\/pdt-rj.org.br\/index.php\/wp-json\/wp\/v2\/types\/post"}],"author":[{"embeddable":true,"href":"https:\/\/pdt-rj.org.br\/index.php\/wp-json\/wp\/v2\/users\/17"}],"replies":[{"embeddable":true,"href":"https:\/\/pdt-rj.org.br\/index.php\/wp-json\/wp\/v2\/comments?post=51909"}],"version-history":[{"count":1,"href":"https:\/\/pdt-rj.org.br\/index.php\/wp-json\/wp\/v2\/posts\/51909\/revisions"}],"predecessor-version":[{"id":52166,"href":"https:\/\/pdt-rj.org.br\/index.php\/wp-json\/wp\/v2\/posts\/51909\/revisions\/52166"}],"wp:attachment":[{"href":"https:\/\/pdt-rj.org.br\/index.php\/wp-json\/wp\/v2\/media?parent=51909"}],"wp:term":[{"taxonomy":"category","embeddable":true,"href":"https:\/\/pdt-rj.org.br\/index.php\/wp-json\/wp\/v2\/categories?post=51909"},{"taxonomy":"post_tag","embeddable":true,"href":"https:\/\/pdt-rj.org.br\/index.php\/wp-json\/wp\/v2\/tags?post=51909"}],"curies":[{"name":"wp","href":"https:\/\/api.w.org\/{rel}","templated":true}]}}