{"id":51908,"date":"2016-09-05T18:18:08","date_gmt":"2016-09-05T21:18:08","guid":{"rendered":"http:\/\/pdt-rj.org.br\/?post_type=artigo&#038;p=47773"},"modified":"2017-01-16T09:52:05","modified_gmt":"2017-01-16T11:52:05","slug":"ah-os-direitos-trabalhistas","status":"publish","type":"post","link":"https:\/\/pdt-rj.org.br\/index.php\/ah-os-direitos-trabalhistas\/","title":{"rendered":"Ah, os direitos trabalhistas&#8230;"},"content":{"rendered":"<p>O Brasil vive diante de uma das suas maiores crises pol\u00edticas da hist\u00f3ria. Um governo ileg\u00edtimo tomou o poder com a ajuda de um Congresso repleto de parlamentares arrolados em esc\u00e2ndalos de corrup\u00e7\u00e3o. Uma presidenta eleita com mais de 50 milh\u00f5es de voto foi apeada da Presid\u00eancia sem ter cometido nenhum crime. Mas \u00e9 preciso continuar atento.<\/p>\n<p>Existe hoje, dentro deste governo ileg\u00edtimo, uma s\u00e9rie de &#8220;mudan\u00e7as&#8221; sendo desenhadas em diversas \u00e1reas<span class=\"text_exposed_show\"> &#8211; principalmente a social- onde os Governos de Lula e Dilma garantiram, nos \u00faltimos 13 anos, avan\u00e7os que o pa\u00eds n\u00e3o havia experimentado em mais de 500 anos de hist\u00f3ria.<\/span><\/p>\n<div class=\"text_exposed_show\">\n<p>E vem exatamente da ilegitmidade de um grupo retr\u00f3grado da pol\u00edtica brasileira a tentativa de retirar direitos dos trabalhadores, da base da pir\u00e2mide social, dos que mais precisam. Ainda n\u00e3o se fala abertamente sobre o assunto, mas a m\u00eddia, boa parte dela comprometida com o golpe no Brasil, j\u00e1 ventila alguma coisa neste sentido.<\/p>\n<p>Uma das medidas que querem adotar \u00e9 em rela\u00e7\u00e3o \u00e0 negocia\u00e7\u00e3o entre patr\u00f5es e empregados. A coisa seria mais ou menos assim: o combinado entre as partes ir\u00e1 prevalecer sobre o que diz a Lei.<\/p>\n<p>Uma pergunta. Em qual lugar do mundo um patr\u00e3o e um empregado est\u00e3o em p\u00e9 de igualdade para se sentarem \u00e0 mesa e discutir, por exemplo, diminui\u00e7\u00e3o de sal\u00e1rio? Caso o patr\u00e3o queira diminuir o sal\u00e1rio, o empregado ter\u00e1 que aceitar ou ser\u00e1 demitido. Ou ser\u00e1 que apenas eu enxergo isso? Dessa forma, a CLT simplesmente ser\u00e1 rasgada e os demais direitos que protegem o trabalhador ser\u00e3o severamente comprometidos.<\/p>\n<p>Este \u00e9 o golpe mais grave que se desenha nos sombrios gabinetes do ileg\u00edtimo governo que tomou o poder e quer guiar o Brasil numa estrada conservadora onde os diretos dos trabalhadores n\u00e3o existem. Apenas os lucros.<\/p>\n<\/div>\n<p>&nbsp;<\/p>\n<p><strong><em>*Carlos Roberto Lupi \u00e9 presidente nacional do PDT e ex-ministro do Trabalho e Emprego.<\/em><\/strong><\/p>\n<!-- AddThis Advanced Settings generic via filter on the_content --><!-- AddThis Share Buttons generic via filter on the_content -->","protected":false},"excerpt":{"rendered":"<p>O Brasil vive diante de uma das suas maiores crises pol\u00edticas da hist\u00f3ria. Um governo ileg\u00edtimo tomou o poder com a ajuda de um Congresso repleto de parlamentares arrolados em esc\u00e2ndalos de corrup\u00e7\u00e3o. Uma presidenta eleita com mais de 50 milh\u00f5es de voto foi apeada da Presid\u00eancia sem ter cometido nenhum crime. Mas \u00e9 preciso&#8230;<!-- AddThis Advanced Settings generic via filter on wp_trim_excerpt --><!-- AddThis Share Buttons generic via filter on wp_trim_excerpt --><\/p>\n","protected":false},"author":17,"featured_media":0,"comment_status":"closed","ping_status":"closed","sticky":false,"template":"","format":"standard","meta":{"_monsterinsights_skip_tracking":false,"_monsterinsights_sitenote_active":false,"_monsterinsights_sitenote_note":"","_monsterinsights_sitenote_category":0,"_uf_show_specific_survey":0,"_uf_disable_surveys":false,"footnotes":""},"categories":[1584],"tags":[196,224,315,1387,38],"class_list":["post-51908","post","type-post","status-publish","format-standard","hentry","category-artigos","tag-carlos-lupi","tag-clt","tag-direitos-trabalhistas","tag-governo-ilegitimo","tag-pdt"],"acf":[],"_links":{"self":[{"href":"https:\/\/pdt-rj.org.br\/index.php\/wp-json\/wp\/v2\/posts\/51908","targetHints":{"allow":["GET"]}}],"collection":[{"href":"https:\/\/pdt-rj.org.br\/index.php\/wp-json\/wp\/v2\/posts"}],"about":[{"href":"https:\/\/pdt-rj.org.br\/index.php\/wp-json\/wp\/v2\/types\/post"}],"author":[{"embeddable":true,"href":"https:\/\/pdt-rj.org.br\/index.php\/wp-json\/wp\/v2\/users\/17"}],"replies":[{"embeddable":true,"href":"https:\/\/pdt-rj.org.br\/index.php\/wp-json\/wp\/v2\/comments?post=51908"}],"version-history":[{"count":1,"href":"https:\/\/pdt-rj.org.br\/index.php\/wp-json\/wp\/v2\/posts\/51908\/revisions"}],"predecessor-version":[{"id":52131,"href":"https:\/\/pdt-rj.org.br\/index.php\/wp-json\/wp\/v2\/posts\/51908\/revisions\/52131"}],"wp:attachment":[{"href":"https:\/\/pdt-rj.org.br\/index.php\/wp-json\/wp\/v2\/media?parent=51908"}],"wp:term":[{"taxonomy":"category","embeddable":true,"href":"https:\/\/pdt-rj.org.br\/index.php\/wp-json\/wp\/v2\/categories?post=51908"},{"taxonomy":"post_tag","embeddable":true,"href":"https:\/\/pdt-rj.org.br\/index.php\/wp-json\/wp\/v2\/tags?post=51908"}],"curies":[{"name":"wp","href":"https:\/\/api.w.org\/{rel}","templated":true}]}}