{"id":51907,"date":"2016-08-29T20:35:20","date_gmt":"2016-08-29T23:35:20","guid":{"rendered":"http:\/\/pdt-rj.org.br\/?post_type=artigo&#038;p=47602"},"modified":"2017-01-16T09:52:06","modified_gmt":"2017-01-16T11:52:06","slug":"19-de-agosto-de-1983-o-dia-em-que-a-liberdade-deu-seu-grito-em-ferros","status":"publish","type":"post","link":"https:\/\/pdt-rj.org.br\/index.php\/19-de-agosto-de-1983-o-dia-em-que-a-liberdade-deu-seu-grito-em-ferros\/","title":{"rendered":"29 de agosto de 1983: o dia em que a liberdade deu seu grito em FERRO&#8217;s"},"content":{"rendered":"<p>Poucos conhecem a hist\u00f3ria que aqui vamos contar.<\/p>\n<p>Trata-se de uma hist\u00f3ria de luta e conquista a se desvendar.<\/p>\n<p>\u00c9 um fato desconhecido, daqueles de arrepiar.<\/p>\n<p>Um grito de liberdade no Ferro&#8217;s bar.<\/p>\n<p>Com este singelo verso, come\u00e7amos nossa hist\u00f3ria; um relembrado de luta daquelas que, na boemia paulista, iniciavam sua divers\u00e3o, num bar localizado na regi\u00e3o das cantinas italianas, onde muitas mulheres que ali frequentavam, com seus olhares ca\u00e7adores \u00e0 espreita, um contexto regado a bebida do ci\u00fame, entre confus\u00f5es e buscas, a divers\u00e3o estava posta.<\/p>\n<p>Um local daqueles de ca\u00e7adores \u00e0 noite, o StoneWall brasileiro, onde bo\u00eamios LGBTs se divertiam, e local preferido do delegado Jos\u00e9 Wilson Richetti para ca\u00e7ar e reprimir seu p\u00fablico na fase ditatorial, como forma de guetizar essa parcela humana.<\/p>\n<p>Em um dia de sol, algumas mulheres pertencentes ao Grupo de A\u00e7\u00e3o L\u00e9sbica Feminista (GALF) resolveram ali se reunir para apresentar um manifesto das mulheres l\u00e9sbicas, pela proibi\u00e7\u00e3o da venda de uma publica\u00e7\u00e3o que haviam desenvolvido para a conscientiza\u00e7\u00e3o de suas iguais, recebido como faziam nas noites bo\u00eamias, para distribuir seus panfletos em prol da visibilidade de seu grupo, no dia 19 de agosto de 1983.<\/p>\n<p>De uma forma como nunca se viu, o propriet\u00e1rio daquele local, acostumado a receber esse p\u00fablico nas noites bo\u00eamias paulistanas, se exaltou, expulsando, com gritos as componentes da GALF daquele local, o que gerou uma revolta para ser imortalizada, em busca de direitos de igualdade e cidadania por esse povo.<\/p>\n<p>Em meio a insultos, as l\u00e9sbicas ali presentes se organizaram e come\u00e7aram sua revolu\u00e7\u00e3o.<\/p>\n<p>Lideradas por uma guerreira, nominada Rosely Roth, ampliaram sua luta ao entardecer, com a vinda das demais frequentadores daquele local. A revolta seria massificada pelos demais gays, l\u00e9sbicas, travestis e transexuais, dando in\u00edcio a uma luta por direitos de todo aquele p\u00fablico antes esquecido, a aus\u00eancia do pertencimento ao local no qual se sentiam acolhidos, agora tidos como n\u00e3o bem-vindos.<\/p>\n<p>Passados treze anos do acontecido, e, ap\u00f3s o fim da repress\u00e3o antes ocorrida, d\u00e1-se in\u00edcio ao I Semin\u00e1rio Nacional de L\u00e9sbicas \u2013 Senale, que imortalizaria a luta daquelas que mostraram sua for\u00e7a em meio \u00e0 ditadura, decidindo que a data de realiza\u00e7\u00e3o do semin\u00e1rio, dia 29 de agosto, ficaria registrada como o &#8220;Dia Nacional da Visibilidade L\u00e9sbica&#8221;.<\/p>\n<p>Desde ent\u00e3o, todo dia 29 de agosto serve para recordar.<\/p>\n<p>Daquelas que, juntas, lutaram.<\/p>\n<p>Por seus ideais feministas e femininos.<\/p>\n<p>De ser e pertencer.<\/p>\n<p>De acordar e lutar.<\/p>\n<p>De levantar e gritar por seus direitos.<\/p>\n<p>Em meados de 80, no Ferro&#8217;s Bar.<\/p>\n<p>&nbsp;<\/p>\n<p><strong><em>Amanda Anderson \u00e9 advogada, administradora, primeira vice-presidente transexual da Uni\u00e3o Nacional dos Estudantes MT\/MS (UNE) e presidente nacional do PDT Diversidade.<\/em><\/strong><\/p>\n<!-- AddThis Advanced Settings generic via filter on the_content --><!-- AddThis Share Buttons generic via filter on the_content -->","protected":false},"excerpt":{"rendered":"<p>Poucos conhecem a hist\u00f3ria que aqui vamos contar. Trata-se de uma hist\u00f3ria de luta e conquista a se desvendar. \u00c9 um fato desconhecido, daqueles de arrepiar. Um grito de liberdade no Ferro&#8217;s bar. Com este singelo verso, come\u00e7amos nossa hist\u00f3ria; um relembrado de luta daquelas que, na boemia paulista, iniciavam sua divers\u00e3o, num bar localizado&#8230;<!-- AddThis Advanced Settings generic via filter on wp_trim_excerpt --><!-- AddThis Share Buttons generic via filter on wp_trim_excerpt --><\/p>\n","protected":false},"author":17,"featured_media":0,"comment_status":"closed","ping_status":"closed","sticky":false,"template":"","format":"standard","meta":{"_monsterinsights_skip_tracking":false,"_monsterinsights_sitenote_active":false,"_monsterinsights_sitenote_note":"","_monsterinsights_sitenote_category":0,"_uf_show_specific_survey":0,"_uf_disable_surveys":false,"footnotes":""},"categories":[1584],"tags":[51,1384,1385,38,59,1386],"class_list":["post-51907","post","type-post","status-publish","format-standard","hentry","category-artigos","tag-amanda-anderson","tag-dia-nacional-da-visibilidade-lesbica","tag-i-seminario-nacional-de-lesbicas","tag-pdt","tag-pdt-diversidade","tag-senale"],"acf":[],"_links":{"self":[{"href":"https:\/\/pdt-rj.org.br\/index.php\/wp-json\/wp\/v2\/posts\/51907","targetHints":{"allow":["GET"]}}],"collection":[{"href":"https:\/\/pdt-rj.org.br\/index.php\/wp-json\/wp\/v2\/posts"}],"about":[{"href":"https:\/\/pdt-rj.org.br\/index.php\/wp-json\/wp\/v2\/types\/post"}],"author":[{"embeddable":true,"href":"https:\/\/pdt-rj.org.br\/index.php\/wp-json\/wp\/v2\/users\/17"}],"replies":[{"embeddable":true,"href":"https:\/\/pdt-rj.org.br\/index.php\/wp-json\/wp\/v2\/comments?post=51907"}],"version-history":[{"count":1,"href":"https:\/\/pdt-rj.org.br\/index.php\/wp-json\/wp\/v2\/posts\/51907\/revisions"}],"predecessor-version":[{"id":52132,"href":"https:\/\/pdt-rj.org.br\/index.php\/wp-json\/wp\/v2\/posts\/51907\/revisions\/52132"}],"wp:attachment":[{"href":"https:\/\/pdt-rj.org.br\/index.php\/wp-json\/wp\/v2\/media?parent=51907"}],"wp:term":[{"taxonomy":"category","embeddable":true,"href":"https:\/\/pdt-rj.org.br\/index.php\/wp-json\/wp\/v2\/categories?post=51907"},{"taxonomy":"post_tag","embeddable":true,"href":"https:\/\/pdt-rj.org.br\/index.php\/wp-json\/wp\/v2\/tags?post=51907"}],"curies":[{"name":"wp","href":"https:\/\/api.w.org\/{rel}","templated":true}]}}