{"id":51906,"date":"2016-08-25T00:10:15","date_gmt":"2016-08-25T03:10:15","guid":{"rendered":"http:\/\/pdt-rj.org.br\/?post_type=artigo&#038;p=47482"},"modified":"2017-01-16T09:51:32","modified_gmt":"2017-01-16T11:51:32","slug":"dia-25-de-agosto-dia-do-soldado-e-um-golpe-institucional","status":"publish","type":"post","link":"https:\/\/pdt-rj.org.br\/index.php\/dia-25-de-agosto-dia-do-soldado-e-um-golpe-institucional\/","title":{"rendered":"Dia 25 de agosto, Dia do Soldado e um Golpe Institucional"},"content":{"rendered":"<p id=\"yui_3_16_0_ym19_1_1472063741579_38434\" class=\"yiv3100796460MsoNormal\"><span id=\"yui_3_16_0_ym19_1_1472063741579_38433\">Em 7 de agosto de 2015, a Tribuna da Bahia publicou nosso artigo: <\/span><i>\u201cAs turbul\u00eancias de agosto e a legalidade\u201d<\/i><span id=\"yui_3_16_0_ym19_1_1472063741579_38449\">. Nesse artigo lembramos que a hist\u00f3ria do Brasil registra que, nesse m\u00eas, ocorreram as maiores e mais fortes turbul\u00eancias na pol\u00edtica republicana.<\/span><\/p>\n<p id=\"yui_3_16_0_ym19_1_1472063741579_38427\" class=\"yiv3100796460MsoNormal\"><span id=\"yui_3_16_0_ym19_1_1472063741579_38426\">Em 1954, entreguistas brasileiros, liderados pelo \u201ccorvo\u201d Carlos Lacerda, aliados aos interesses do capitalismo americano em abocanhar a rec\u00e9m criada Petrobr\u00e1s, \u201csuicidaram\u201d o Presidente Vargas, que pagou com a vida a defesa da nossa independ\u00eancia econ\u00f4mica.<\/span><\/p>\n<p id=\"yui_3_16_0_ym19_1_1472063741579_38430\" class=\"yiv3100796460MsoNormal\"><span id=\"yui_3_16_0_ym19_1_1472063741579_38429\">Em 1961, os traidores da P\u00e1tria vislumbrando mais um governo nacionalista nas a\u00e7\u00f5es do Presidente J\u00e2nio Quadros, atrav\u00e9s das \u201cfor\u00e7as ocultas\u201d segundo sua denuncia, for\u00e7aram sua renuncia dia 25 de agosto (dia do Soldado).<\/span><\/p>\n<p id=\"yui_3_16_0_ym19_1_1472063741579_38432\" class=\"yiv3100796460MsoNormal\"><span id=\"yui_3_16_0_ym19_1_1472063741579_38431\">O veto dos ministros militares golpistas \u00e0 posse do vice-presidente Jo\u00e3o Goulart, eleito legitima e democraticamente, pois a \u00e9poca o vice tamb\u00e9m era votado, provocou uma das maiores turbul\u00eancias pol\u00edticas da hist\u00f3ria, atrav\u00e9s da rea\u00e7\u00e3o do ent\u00e3o Governador do Rio Grande do Sul Leonel Brizola, que comandou a Campanha da Legalidade, assegurando a posse de Jango, em 7 de setembro de 1961.<\/span><\/p>\n<p class=\"yiv3100796460MsoNormal\"><i>Neste 25 de agosto, dia do Soldado, alguns pol\u00edticos da oposi\u00e7\u00e3o insatisfeitos com a derrota nas elei\u00e7\u00f5es presidenciais, aliados aos saudosistas do poder e golpistas de carteirinha, liderados pelo psico-pol\u00edticopata, o corrupto e corruptor mor da republica Eduardo Cunha, que tem o poder de pautar o \u00a0legislativo e o \u00a0judici\u00e1rio, pr\u00e9-agendou o golpe institucional no dia do Soldado, certamente como forma de homenagear seu batalh\u00e3o de soldados deputados corruptos, arregimentados com os milh\u00f5es de d\u00f3lares recebidos pelos interessados em agora apoderar-se do Pr\u00e9-Sal.<\/i><\/p>\n<p class=\"yiv3100796460MsoNormal\"><i>Marcar um \u201cjulgamento\u201d que n\u00e3o envolve ilegalidade no dia do Soldado, \u00e9 vilipendiar a mem\u00f3ria do nosso her\u00f3i Duque de Caxias.<\/i><\/p>\n<p class=\"yiv3100796460MsoNormal\"><i>Nosso presidente do STF, Ministro Ricardo Lewandowski, deveria renunciar \u00e0 Presid\u00eancia desse evento esp\u00fario, pois n\u00e3o se trata de um julgamento, trata-se de um rompimento das garantias constitucionais, um linchamento pol\u00edtico de um Chefe de Estado.<\/i><i>\u00a0<\/i><\/p>\n<p id=\"yui_3_16_0_ym19_1_1472063741579_38467\" class=\"yiv3100796460MsoNormal\"><span id=\"yui_3_16_0_ym19_1_1472063741579_38466\">Este mesmo filme nos vimos com a Petrobr\u00e1s em 1954. Os atuais agentes e lacaios do capital, da mesma forma que a velha golpista UDN, tramaram nos por\u00f5es do Congresso, a f\u00f3rmula golpista do impeachment contra a brava e her\u00f3ica Presidenta Dilma, assim como tentaram contra o Presidente Vargas.<\/span><\/p>\n<p class=\"yiv3100796460MsoNormal\"><i>Primeiro foi a PETROBR\u00c1S, agora querem o PR\u00c9-SAL e acabar com os direitos sociais e trabalhistas.<\/i><\/p>\n<p id=\"yui_3_16_0_ym19_1_1472063741579_38481\" class=\"yiv3100796460MsoNormal\"><span id=\"yui_3_16_0_ym19_1_1472063741579_38480\">Nenhuma surpresa para quem conhece a pr\u00e1tica usada pelos donos do capital: os banqueiros, os empreiteiros, as multi e transnacionais que mobilizam o ex\u00e9rcito midi\u00e1tico que atua claramente na defesa dos interesses desses grupos, envolvendo com habilidade a opini\u00e3o p\u00fablica a favor dos traidores da P\u00e1tria, porque n\u00e3o admitem nenhum governo do povo para o povo.<\/span><\/p>\n<p class=\"yiv3100796460MsoNormal\">Assim como em outros momentos da nossa hist\u00f3ria, acobertados pela liberdade oferecida pela nossa jovem e fr\u00e1gil democracia, esses velhacos, vendilh\u00f5es e traidores da vontade expressada nas urnas, abastecidos pelas poderosas \u201cfor\u00e7as ocultas\u201d, ardilosamente tramam nos por\u00f5es da casa do povo, contra um governo eleito com total e absoluta legitimidade.<\/p>\n<p id=\"yui_3_16_0_ym19_1_1472063741579_38486\" class=\"yiv3100796460MsoNormal\"><i id=\"yui_3_16_0_ym19_1_1472063741579_38489\"><span id=\"yui_3_16_0_ym19_1_1472063741579_38488\">\u00a0Se os legalistas do Congresso n\u00e3o tomarem posi\u00e7\u00e3o firme na defesa da democracia e das institui\u00e7\u00f5es, neste 25 de agosto, dia do Soldado, poderemos ter novas e fortes turbul\u00eancias capazes de agravar a atual crise pol\u00edtica e \u00e9tica e provocar, como no passado, um novo agosto que jamais deveria se repetir.<\/span><\/i><\/p>\n<p class=\"yiv3100796460MsoNormal\">\u00a0<\/p>\n<p style=\"text-align: center;\">Salvador, 25 de agosto de 2016.<\/p>\n<p style=\"text-align: center;\">Hari Alexandre Brust<\/p>\n<p style=\"text-align: center;\">PDT Bahia<\/p>\n<p style=\"text-align: center;\"><a href=\"mailto:pdtbahia@hotmail.com\">pdtbahia@hotmail.com<\/a><\/p>\n<p>&nbsp;<\/p>\n<p>&nbsp;<\/p>\n<!-- AddThis Advanced Settings generic via filter on the_content --><!-- AddThis Share Buttons generic via filter on the_content -->","protected":false},"excerpt":{"rendered":"<p>Em 7 de agosto de 2015, a Tribuna da Bahia publicou nosso artigo: \u201cAs turbul\u00eancias de agosto e a legalidade\u201d. Nesse artigo lembramos que a hist\u00f3ria do Brasil registra que, nesse m\u00eas, ocorreram as maiores e mais fortes turbul\u00eancias na pol\u00edtica republicana. Em 1954, entreguistas brasileiros, liderados pelo \u201ccorvo\u201d Carlos Lacerda, aliados aos interesses do&#8230;<!-- AddThis Advanced Settings generic via filter on wp_trim_excerpt --><!-- AddThis Share Buttons generic via filter on wp_trim_excerpt --><\/p>\n","protected":false},"author":17,"featured_media":0,"comment_status":"closed","ping_status":"closed","sticky":false,"template":"","format":"standard","meta":{"_monsterinsights_skip_tracking":false,"_monsterinsights_sitenote_active":false,"_monsterinsights_sitenote_note":"","_monsterinsights_sitenote_category":0,"_uf_show_specific_survey":0,"_uf_disable_surveys":false,"footnotes":""},"categories":[1584],"tags":[437,1383,565,38,718,756],"class_list":["post-51906","post","type-post","status-publish","format-standard","hentry","category-artigos","tag-getulio-vargas","tag-janio-quadros","tag-leonel-brizola","tag-pdt","tag-petrobras","tag-pre-sal"],"acf":[],"_links":{"self":[{"href":"https:\/\/pdt-rj.org.br\/index.php\/wp-json\/wp\/v2\/posts\/51906","targetHints":{"allow":["GET"]}}],"collection":[{"href":"https:\/\/pdt-rj.org.br\/index.php\/wp-json\/wp\/v2\/posts"}],"about":[{"href":"https:\/\/pdt-rj.org.br\/index.php\/wp-json\/wp\/v2\/types\/post"}],"author":[{"embeddable":true,"href":"https:\/\/pdt-rj.org.br\/index.php\/wp-json\/wp\/v2\/users\/17"}],"replies":[{"embeddable":true,"href":"https:\/\/pdt-rj.org.br\/index.php\/wp-json\/wp\/v2\/comments?post=51906"}],"version-history":[{"count":1,"href":"https:\/\/pdt-rj.org.br\/index.php\/wp-json\/wp\/v2\/posts\/51906\/revisions"}],"predecessor-version":[{"id":52133,"href":"https:\/\/pdt-rj.org.br\/index.php\/wp-json\/wp\/v2\/posts\/51906\/revisions\/52133"}],"wp:attachment":[{"href":"https:\/\/pdt-rj.org.br\/index.php\/wp-json\/wp\/v2\/media?parent=51906"}],"wp:term":[{"taxonomy":"category","embeddable":true,"href":"https:\/\/pdt-rj.org.br\/index.php\/wp-json\/wp\/v2\/categories?post=51906"},{"taxonomy":"post_tag","embeddable":true,"href":"https:\/\/pdt-rj.org.br\/index.php\/wp-json\/wp\/v2\/tags?post=51906"}],"curies":[{"name":"wp","href":"https:\/\/api.w.org\/{rel}","templated":true}]}}