{"id":51903,"date":"2016-07-18T12:11:37","date_gmt":"2016-07-18T15:11:37","guid":{"rendered":"http:\/\/pdt-rj.org.br\/?post_type=artigo&#038;p=44743"},"modified":"2017-01-16T09:52:05","modified_gmt":"2017-01-16T11:52:05","slug":"pre-sal-dormindo-com-o-inimigo","status":"publish","type":"post","link":"https:\/\/pdt-rj.org.br\/index.php\/pre-sal-dormindo-com-o-inimigo\/","title":{"rendered":"Pr\u00e9-sal: dormindo com o inimigo"},"content":{"rendered":"<p id=\"yui_3_16_0_1_1468847755608_76995\" class=\"yiv6246369261MsoNormal\"><span id=\"yui_3_16_0_1_1468847755608_77007\"><\/span><span id=\"yui_3_16_0_1_1468847755608_77004\">Quando o pr\u00e9-sal foi anunciado, em fins de 2006, no governo Lula, os Estados Unidos reativaram a 4\u00aa Frota e miraram na dire\u00e7\u00e3o do Brasil e da Venezuela. Os militares brasileiros, cumprindo dever c\u00edvico \u2013 preservar e defender o territ\u00f3rio \u2013 aceleraram a constru\u00e7\u00e3o de um submarino nuclear. Apenas para um detalhe n\u00e3o atentaram: os maiores inimigos da soberania e da na\u00e7\u00e3o brasileira estavam dentro do\u00a0 territ\u00f3rio nacional.<\/span><\/p>\n<p id=\"yui_3_16_0_1_1468847755608_76960\" class=\"yiv6246369261MsoNormal\">Hoje eles est\u00e3o por cima, prontos para entregar o nosso ouro negro. Michel Temer, Jos\u00e9 Serra, Pedro Parente, Jos\u00e9 Carlos Aleluia, Romero Juc\u00e1, Fernando Henrique Cardoso. Outro que cumpre esse desservi\u00e7o \u00e0 na\u00e7\u00e3o \u00e9 o juiz S\u00e9rgio Moro. Segundo a fil\u00f3sofa Marilena Chau\u00ed, \u201co principal operador da Lava Jato foi treinado pelo FBI \u2014 o equivalente \u00e0 Pol\u00edcia Federal nos EUA \u2014 para conduzir o caso\u201d.<\/p>\n<p id=\"yui_3_16_0_1_1468847755608_76964\" class=\"yiv6246369261MsoNormal\"><span id=\"yui_3_16_0_1_1468847755608_76963\">Sob \u00e0s vistas das For\u00e7as Armadas brasileiras, ao lado de uma campanha s\u00f3rdida para desmoralizar e implodir a Petrobr\u00e1s, foi instaurada a investiga\u00e7\u00e3o do programa de constru\u00e7\u00e3o do submarino nuclear brasileiro, que estava sendo tocado pelo almirante <span id=\"yui_3_16_0_1_1468847755608_76965\">Othon Luiz Pinheiro da Silva<\/span>. O renomado cientista chegou a ser preso por ordem de Moro e o programa foi paralisado. Informa o jornalista Mauro Santayana que tamb\u00e9m \u201co<\/span><i>controlador da empresa respons\u00e1vel pela constru\u00e7\u00e3o do m\u00edssil A-Darter da Aeron\u00e1utica encontra-se detido\u201d.<\/i><\/p>\n<p class=\"yiv6246369261MsoNormal\"><i><\/i>Ainda citando Santayana:<i> \u201cEssa situa\u00e7\u00e3o est\u00e1 abrindo caminho para a entrega da ind\u00fastria b\u00e9lica brasileira a controladores estrangeiros, depois de anos de esfor\u00e7o da iniciativa privada e das For\u00e7as Armadas, para evitar que isso ocorresse\u201d.<\/i><\/p>\n<p class=\"yiv6246369261MsoNormal\"><i><\/i><i>No \u00e2mbito da economia nacional, a Lava-Jato \u00e9<\/i> respons\u00e1vel direta pela paralisa\u00e7\u00e3o e revers\u00e3o de grandes obras, sobretudo tocadas pela Petrobras: refinarias, plataformas e todo o Programa de Acelara\u00e7\u00e3o do Crescimento (PAC), que era financiado em sua maior parte pelos impostos pagos pela \u00a0principal empresa brasileira. O Brasil at\u00e9 bem pouco tempo, antes da Lava Jato, orgulhava-se de ser o segundo maior canteiro de obras do mundo\u201d, s\u00f3 perdendo para a China. Navios, obras de irriga\u00e7\u00e3o e saneamento, ferrovias, rodovias, plataformas, moradias. H\u00e1 quantos anos o pa\u00eds n\u00e3o surfava nessa onda de crescimento?<\/p>\n<p class=\"yiv6246369261MsoNormal\">\u00a0A Lava-Jato, em nome de uma suposta moralidade,\u00a0 inviabilizou o pa\u00eds. <span id=\"yui_3_16_0_1_1468847755608_76966\">A criminaliza\u00e7\u00e3o da pol\u00edtica, a pretexto do combate \u00e0 corrup\u00e7\u00e3o, j\u00e1 foi utilizada contra Get\u00falio e Jango no Brasil, na It\u00e1lia de Mussolini, na Alemanha de Hitler. Em \u00e9poca mais recente, j\u00e1 nos anos de 1990, jornais do mundo inteiro noticiaram a Opera\u00e7\u00e3o M\u00e3os Limpas, na It\u00e1lia, num cen\u00e1rio que em muito se parece com o Brasil de hoje: \u00a0deu em Berlusconi. E a corrup\u00e7\u00e3o n\u00e3o foi varrida da It\u00e1lia, ao contr\u00e1rio.<i><\/i><\/span><\/p>\n<p id=\"yui_3_16_0_1_1468847755608_76968\" class=\"yiv6246369261MsoNormal\">\u00a0Ora, todo cidad\u00e3o sonha com o fim da corrup\u00e7\u00e3o e a puni\u00e7\u00e3o dos seus agentes, p\u00fablicos e privados. Mas o argumento do combate \u00e0 corrup\u00e7\u00e3o tem sido utilizado para outros fins. Em geral nos per\u00edodos de crise do capitalismo, para intimidar governos mais democr\u00e1ticos e justificar medidas de arrocho sobre o trabalhador. Ou coisa pior.<\/p>\n<p class=\"yiv6246369261MsoNormal\">\u00a0Hoje o Brasil estaria no \u201cepicentro de uma guerra h\u00edbrida\u201d, conforme analisa Pepe Escobar. O jornalista e cientista pol\u00edtico explica que, nos manuais norte-americanos, \u201cguerra h\u00edbrida\u201d s\u00e3o as a\u00e7\u00f5es n\u00e3o-convencionais contra \u201cfor\u00e7as hostis\u201d a Washington. Ele destaca a centralidade da disputa em torno do pr\u00e9-sal na origem do impeachment e analisa como se d\u00e1 a coopta\u00e7\u00e3o dos super-ricos e das classes m\u00e9dias.<\/p>\n<p class=\"yiv6246369261MsoNormal\">\u00a0<span id=\"yui_3_16_0_1_1468847755608_76970\">\u00a0O fato \u00e9 que o golpe comandado por Washington e executado pelas elites mercen\u00e1rias do pa\u00eds est\u00e1 roubando o nosso futuro. De dimens\u00e3o continental, dono de recursos naturais e de uma biodiversidade \u00fanica, o Brasil re\u00fane todas as condi\u00e7\u00f5es para se tornar uma das mais importantes na\u00e7\u00f5es do mundo. Mas est\u00e1 tomando o rumo do neocolonialismo e \u00a0abrindo m\u00e3o do seu destino hist\u00f3rico.<\/span><\/p>\n<p class=\"yiv6246369261MsoNormal\"><i><\/i><span id=\"yui_3_16_0_1_1468847755608_76972\">Nas d\u00e9cadas de 1940-50, o papel de militares nacionalistas como o General Horta Barbosa e Edgar Buxbaum foi crucial para a vit\u00f3ria da Campanha O Petr\u00f3leo \u00e9 Nosso\u201d \u2013 que resultou na cria\u00e7\u00e3o da Petrobr\u00e1s, empresa estatal que sempre teve papel relevante na industrializa\u00e7\u00e3o do Brasil e na transforma\u00e7\u00e3o do pa\u00eds numa grande pot\u00eancia.<\/span><\/p>\n<p class=\"yiv6246369261MsoNormal\"><span id=\"yui_3_16_0_1_1468847755608_76990\">A descoberta do pr\u00e9-sal atesta a excel\u00eancia da Petrobr\u00e1s. Ao anunciar a constru\u00e7\u00e3o de um submarino at\u00f4mico para proteger o pa\u00eds do inimigo externo, os militares brasileiros tinham a dimens\u00e3o dessa riqueza. Portanto \u00e9 um achincalhe e um deboche imperdo\u00e1vel que o entreguista Jos\u00e9 Serra, Ministro interino das Rela\u00e7\u00f5es Exteriores, afirme publicamente que derrubar a Lei de Partilha \u201c\u00e9 uma medida patri\u00f3tica\u201d. Ora, a Wikeleaks j\u00e1 denunciou sua liga\u00e7\u00e3o com a petrol\u00edfera estadunidense Chevron.<\/span><\/p>\n<p id=\"yui_3_16_0_1_1468847755608_76988\" class=\"yiv6246369261MsoNormal\"><span id=\"yui_3_16_0_1_1468847755608_76986\">Boa parte da classe pol\u00edtica j\u00e1 entregou a alma ao diabo. Diz o Senador Roberto Requi\u00e3o que \u201cconvencer algu\u00e9m de que o impeachment \u00e9 uma asneira entreguista \u00e9 f\u00e1cil. Dif\u00edcil \u00e9 mudar um o voto que j\u00e1 foi negociado\u201d.<\/span><\/p>\n<p id=\"yui_3_16_0_1_1468847755608_76974\" class=\"yiv6246369261MsoNormal\"><span id=\"yui_3_16_0_1_1468847755608_76985\">Resta aos verdadeiros brasileiros as ruas. Fa\u00e7amos a nossa parte.<\/span><\/p>\n<p id=\"yui_3_16_0_1_1468847755608_76976\" class=\"yiv6246369261MsoNormal\">\u00a0<\/p>\n<ul>\n<li id=\"yui_3_16_0_1_1468847755608_76979\" class=\"yiv6246369261MsoNormal\"><i id=\"yui_3_16_0_1_1468847755608_76978\"><span id=\"yui_3_16_0_1_1468847755608_76977\">Emanuel Cancella \u00e9 petroleiro, coordenador-geral da Federa\u00e7\u00e3o Nacional dos Petroleiros (FNP) e do Sindipetro-RJ. Fatima Lacerda \u00e9 jornalista.\u00a0<\/span><\/i><\/li>\n<\/ul>\n<!-- AddThis Advanced Settings generic via filter on the_content --><!-- AddThis Share Buttons generic via filter on the_content -->","protected":false},"excerpt":{"rendered":"<p>Quando o pr\u00e9-sal foi anunciado, em fins de 2006, no governo Lula, os Estados Unidos reativaram a 4\u00aa Frota e miraram na dire\u00e7\u00e3o do Brasil e da Venezuela. Os militares brasileiros, cumprindo dever c\u00edvico \u2013 preservar e defender o territ\u00f3rio \u2013 aceleraram a constru\u00e7\u00e3o de um submarino nuclear. Apenas para um detalhe n\u00e3o atentaram: os&#8230;<!-- AddThis Advanced Settings generic via filter on wp_trim_excerpt --><!-- AddThis Share Buttons generic via filter on wp_trim_excerpt --><\/p>\n","protected":false},"author":17,"featured_media":0,"comment_status":"closed","ping_status":"closed","sticky":false,"template":"","format":"standard","meta":{"_monsterinsights_skip_tracking":false,"_monsterinsights_sitenote_active":false,"_monsterinsights_sitenote_note":"","_monsterinsights_sitenote_category":0,"_uf_show_specific_survey":0,"_uf_disable_surveys":false,"footnotes":""},"categories":[1584],"tags":[756],"class_list":["post-51903","post","type-post","status-publish","format-standard","hentry","category-artigos","tag-pre-sal"],"acf":[],"_links":{"self":[{"href":"https:\/\/pdt-rj.org.br\/index.php\/wp-json\/wp\/v2\/posts\/51903","targetHints":{"allow":["GET"]}}],"collection":[{"href":"https:\/\/pdt-rj.org.br\/index.php\/wp-json\/wp\/v2\/posts"}],"about":[{"href":"https:\/\/pdt-rj.org.br\/index.php\/wp-json\/wp\/v2\/types\/post"}],"author":[{"embeddable":true,"href":"https:\/\/pdt-rj.org.br\/index.php\/wp-json\/wp\/v2\/users\/17"}],"replies":[{"embeddable":true,"href":"https:\/\/pdt-rj.org.br\/index.php\/wp-json\/wp\/v2\/comments?post=51903"}],"version-history":[{"count":1,"href":"https:\/\/pdt-rj.org.br\/index.php\/wp-json\/wp\/v2\/posts\/51903\/revisions"}],"predecessor-version":[{"id":52136,"href":"https:\/\/pdt-rj.org.br\/index.php\/wp-json\/wp\/v2\/posts\/51903\/revisions\/52136"}],"wp:attachment":[{"href":"https:\/\/pdt-rj.org.br\/index.php\/wp-json\/wp\/v2\/media?parent=51903"}],"wp:term":[{"taxonomy":"category","embeddable":true,"href":"https:\/\/pdt-rj.org.br\/index.php\/wp-json\/wp\/v2\/categories?post=51903"},{"taxonomy":"post_tag","embeddable":true,"href":"https:\/\/pdt-rj.org.br\/index.php\/wp-json\/wp\/v2\/tags?post=51903"}],"curies":[{"name":"wp","href":"https:\/\/api.w.org\/{rel}","templated":true}]}}