{"id":51901,"date":"2016-06-28T12:26:43","date_gmt":"2016-06-28T15:26:43","guid":{"rendered":"http:\/\/pdt-rj.org.br\/?post_type=artigo&#038;p=43564"},"modified":"2017-01-16T09:52:05","modified_gmt":"2017-01-16T11:52:05","slug":"a-desordem-mundial-novo-livro-de-moniz-bandeira","status":"publish","type":"post","link":"https:\/\/pdt-rj.org.br\/index.php\/a-desordem-mundial-novo-livro-de-moniz-bandeira\/","title":{"rendered":"&#8220;A Desordem Mundial&#8221;, novo livro de Moniz Bandeira"},"content":{"rendered":"<p id=\"yui_3_16_0_ym19_1_1465582914257_162880\">O golpe de 2016, no Brasil, contra Dilma Rousseff, \u00e9 apenas um epis\u00f3dio, ainda incruento, da formid\u00e1vel opera\u00e7\u00e3o para o dom\u00ednio total do planeta. Devastando povos e pa\u00edses antes pr\u00f3speros e inclusivos, como o Iraque, a L\u00edbia, a S\u00edria, a Ucr\u00e2nia e outros menos vis\u00edveis, esta arremetida dos Estados Unidos e Europa, visando o petr\u00f3leo e outros recursos naturais, agora lan\u00e7a seus tenazes sobre a Am\u00e9rica Latina. Aqui, os povos tamb\u00e9m haviam iniciado, em 1999, como os do Oriente M\u00e9dio, um processo de emancipa\u00e7\u00e3o e conquistas sociais, a partir dos governos populares de Lula, Ch\u00e1vez, o casal Kirchner, Evo Morales, Rafael Correa e Daniel Ortega.<\/p>\n<p id=\"yui_3_16_0_ym19_1_1465582914257_162878\">No af\u00e3 de destruir tudo e muito r\u00e1pido, largando no caminho milh\u00f5es de mortos e mutilados, este operativo de grandes propor\u00e7\u00f5es, acabou, igualmente, produzindo uma situa\u00e7\u00e3o ca\u00f3tica generalizada, de que \u00e9 exemplo mais significativo o Estado Isl\u00e2mico (ISIS), hoje incontrol\u00e1vel pelas pr\u00f3prias pot\u00eancias ocidentais, que o conceberam, mas que insiste em cev\u00e1-los com armas, estrat\u00e9gia e dinheiro a rodo. Da\u00ed \u201cA Desordem Mundial\u201d, t\u00edtulo, muito a prop\u00f3sito, do novo livro do polit\u00f3logo brasileiro Luiz Alberto Moniz Bandeira, que se projetou como um dos mais argutos analistas internacionais, desde que lan\u00e7ou, em 1973, \u201cPresen\u00e7a dos Estados Unidos no Brasil\u201d, obra seguida de outras vinte obras sobre golpes de Estado na Am\u00e9rica Latina e outras atrocidades institucionais no resto do mundo.<\/p>\n<p id=\"yui_3_16_0_ym19_1_1465582914257_162889\">Ativista, inclusive, nas redes sociais, Moniz Bandeira alia sua erudi\u00e7\u00e3o e poderosa pesquisa acad\u00eamica, de que muito lhe serviu a milit\u00e2ncia pol\u00edtica, com v\u00e1rias pris\u00f5es e ex\u00edlio depois do golpe militar de 1964, para alertar o mundo, desde sua resid\u00eancia na Alemanha, onde vive h\u00e1 vinte anos. Ou, como diz o professor Michael L\u00f6wy, do Centro Nacional de Pesquisas Cient\u00edficas, de Paris, Moniz \u201cnos d\u00e1 preciosas armas intelectuais para entender e enfrentar e enfrentar esse poderoso advers\u00e1rio\u201d.<\/p>\n<p>\nL\u00f6wy, que assina a orelha de \u201cA Desordem Mundial\u201d, editada pela Civiliza\u00e7\u00e3o Brasileira, e que, em julho, promete estar nas livrarias, considera o livro \u201cum excelente diagn\u00f3stico da l\u00f3gica destrutiva e do desejo total de domina\u00e7\u00e3o dos Estados Unidos\u201d.<\/p>\n<p id=\"yui_3_16_0_ym19_1_1465582914257_162895\">Lembra o cientista social parisiense, velho companheiro acad\u00eamico do autor, que \u201cA Desordem Mundial\u201d, acompanhada dos subt\u00edtulos \u201cO espectro da total domina\u00e7\u00e3o \u2013 guerras por procura\u00e7\u00e3o, terror, caos, cat\u00e1strofes humanit\u00e1rias\u201d, \u00e9 \u201cbaseada em formid\u00e1vel documenta\u00e7\u00e3o, pesquisas de arquivos, trabalho de formiga de um aut\u00eantico cientista social\u201d. \u201c\u00c9, ao mesmo tempo, literatura de combate contra um advers\u00e1rio tenaz e poderoso\u201d, conclui Michael L\u00f6wy. Enfim, um livro que promete explicar muito do que est\u00e1 por tr\u00e1s do golpe contra a Dilma e as arremetidas contra a Argentina, Venezuela, Bol\u00edvia, Equador e Nicar\u00e1gua, nossos vizinhos e parceiros indispens\u00e1veis no processo de emancipa\u00e7\u00e3o pol\u00edtica e econ\u00f4mica, que mal hav\u00edamos come\u00e7ado.<\/p>\n<p>&nbsp;<\/p>\n<p>A Desordem Mundial,<br \/>\nAutor: Luiz Alberto Moniz Bandeira<br \/>\nEditora Civiliza\u00e7\u00e3o Brasileira<br \/>\nPrevis\u00e3o de estar nas livrarias: julho de 2016<\/p>\n<!-- AddThis Advanced Settings generic via filter on the_content --><!-- AddThis Share Buttons generic via filter on the_content -->","protected":false},"excerpt":{"rendered":"<p>O golpe de 2016, no Brasil, contra Dilma Rousseff, \u00e9 apenas um epis\u00f3dio, ainda incruento, da formid\u00e1vel opera\u00e7\u00e3o para o dom\u00ednio total do planeta. Devastando povos e pa\u00edses antes pr\u00f3speros e inclusivos, como o Iraque, a L\u00edbia, a S\u00edria, a Ucr\u00e2nia e outros menos vis\u00edveis, esta arremetida dos Estados Unidos e Europa, visando o petr\u00f3leo&#8230;<!-- AddThis Advanced Settings generic via filter on wp_trim_excerpt --><!-- AddThis Share Buttons generic via filter on wp_trim_excerpt --><\/p>\n","protected":false},"author":17,"featured_media":0,"comment_status":"closed","ping_status":"closed","sticky":false,"template":"","format":"standard","meta":{"_monsterinsights_skip_tracking":false,"_monsterinsights_sitenote_active":false,"_monsterinsights_sitenote_note":"","_monsterinsights_sitenote_category":0,"_uf_show_specific_survey":0,"_uf_disable_surveys":false,"footnotes":""},"categories":[1584],"tags":[60,23,61,62],"class_list":["post-51901","post","type-post","status-publish","format-standard","hentry","category-artigos","tag-a-desordem-mundial","tag-dilma-rousseff","tag-fc-leite-filho","tag-golpe-de-2016"],"acf":[],"_links":{"self":[{"href":"https:\/\/pdt-rj.org.br\/index.php\/wp-json\/wp\/v2\/posts\/51901","targetHints":{"allow":["GET"]}}],"collection":[{"href":"https:\/\/pdt-rj.org.br\/index.php\/wp-json\/wp\/v2\/posts"}],"about":[{"href":"https:\/\/pdt-rj.org.br\/index.php\/wp-json\/wp\/v2\/types\/post"}],"author":[{"embeddable":true,"href":"https:\/\/pdt-rj.org.br\/index.php\/wp-json\/wp\/v2\/users\/17"}],"replies":[{"embeddable":true,"href":"https:\/\/pdt-rj.org.br\/index.php\/wp-json\/wp\/v2\/comments?post=51901"}],"version-history":[{"count":1,"href":"https:\/\/pdt-rj.org.br\/index.php\/wp-json\/wp\/v2\/posts\/51901\/revisions"}],"predecessor-version":[{"id":52138,"href":"https:\/\/pdt-rj.org.br\/index.php\/wp-json\/wp\/v2\/posts\/51901\/revisions\/52138"}],"wp:attachment":[{"href":"https:\/\/pdt-rj.org.br\/index.php\/wp-json\/wp\/v2\/media?parent=51901"}],"wp:term":[{"taxonomy":"category","embeddable":true,"href":"https:\/\/pdt-rj.org.br\/index.php\/wp-json\/wp\/v2\/categories?post=51901"},{"taxonomy":"post_tag","embeddable":true,"href":"https:\/\/pdt-rj.org.br\/index.php\/wp-json\/wp\/v2\/tags?post=51901"}],"curies":[{"name":"wp","href":"https:\/\/api.w.org\/{rel}","templated":true}]}}