{"id":51894,"date":"2016-05-24T09:50:03","date_gmt":"2016-05-24T12:50:03","guid":{"rendered":"http:\/\/pdt-rj.org.br\/?post_type=artigo&#038;p=42865"},"modified":"2017-01-16T09:51:03","modified_gmt":"2017-01-16T11:51:03","slug":"a-falta-de-um-manauara","status":"publish","type":"post","link":"https:\/\/pdt-rj.org.br\/index.php\/a-falta-de-um-manauara\/","title":{"rendered":"A falta de um manauara"},"content":{"rendered":"<div class=\"mb text-right\">\u00a0<\/div>\n<div class=\"row\">\u00a0<\/div>\n<p><img loading=\"lazy\" decoding=\"async\" class=\" wp-image-42866 alignright\" src=\"http:\/\/pdt-rj.org.br\/wp-content\/uploads\/2016\/05\/Capturar-300x157.jpg\" alt=\"Capturar\" width=\"545\" height=\"285\" srcset=\"https:\/\/pdt-rj.org.br\/wp-content\/uploads\/2016\/05\/Capturar-300x157.jpg 300w, https:\/\/pdt-rj.org.br\/wp-content\/uploads\/2016\/05\/Capturar-100x52.jpg 100w, https:\/\/pdt-rj.org.br\/wp-content\/uploads\/2016\/05\/Capturar.jpg 469w\" sizes=\"auto, (max-width: 545px) 100vw, 545px\" \/>Jefferson P\u00e9res era um humanista. O Brasil o conhece das suas posi\u00e7\u00f5es pol\u00edticas no Senado, seu rigor \u00e9tico e seu senso implac\u00e1vel com desvios de conduta, sua palavra sint\u00e9tica e ao mesmo tempo direta, sua qualificada produ\u00e7\u00e3o legislativa respeitada at\u00e9 mesmo por seus cr\u00edticos, e seu compromisso com a atividade pol\u00edtica e parlamentar; tamb\u00e9m denunciando as suas mazelas e seus cinismos. Mas n\u00f3s, amazonenses, j\u00e1 conhec\u00edamos seu trabalho e suas qualidades.<\/p>\n<p>Jos\u00e9 Jefferson Carpinteiro P\u00e9res nasceu em Manaus, em 19 de mar\u00e7o de 1932. Era de uma fam\u00edlia tradicional de juristas e que, por sua atua\u00e7\u00e3o, acabou indo para a pol\u00edtica. Seu tio, Leopoldo P\u00e9res, foi Deputado Federal Constituinte de 1946; seu irm\u00e3o, tamb\u00e9m Leopoldo P\u00e9res, foi Senador da Rep\u00fablica entre 1987 e 1990.<\/p>\n<p>Sua forma\u00e7\u00e3o acad\u00eamica em Direito e Administra\u00e7\u00e3o o conduziu a um caminho diferente da maioria da tradi\u00e7\u00e3o de sua fam\u00edlia. Frustrado com a advocacia descobriu outra paix\u00e3o, a sala de aula. Assim, tornou-se professor do curso de Economia da UFAM.<\/p>\n<p>Seu ativismo politico come\u00e7ou l\u00e1 nos anos 50, na Campanha \u201cO Petr\u00f3leo \u00e9 Nosso\u201d. Veio a ditadura e Jefferson manteve-se atuante, mas sabia da vigil\u00e2ncia dos militares e assim permaneceu na sala de aula combatendo o seu bom combate. Mesmo assim, nunca deixou de abrir as portas da sua casa para as mais diversas discuss\u00f5es pol\u00edticas, sendo abrigo de muitos perseguidos pelo regime militar.<\/p>\n<p>Quem o via de longe, tinha uma vis\u00e3o de que ele era uma pessoa \u201csisuda, sem gra\u00e7a\u201d, mas tinha suas predile\u00e7\u00f5es. Homem muito fiel aos seus amigos, torcedor fan\u00e1tico do Botafogo, amante das artes como cinema, m\u00fasica, teatro, entre outras. Um leitor voraz e que tinha uma capacidade imensa de falar o que tinha de ser dito com poucas palavras.<\/p>\n<p>Era um homem de Manaus, sua cidade e sua paix\u00e3o. Um defensor ardoroso da revitaliza\u00e7\u00e3o do Centro Hist\u00f3rico e dos espa\u00e7os urbanos de uma cidade que cresceu com ares de cidade europeia na \u201cBelle Epoque\u201d do Ciclo da Borracha, mas que ao longo do tempo cresceu desordenadamente. Tinha prazer em sonhar com uma Manaus revitalizada em sua express\u00e3o natural. Seu livro \u201cEvoca\u00e7\u00e3o de Manaus \u2013 Como a Vi ou Sonhei\u201d \u00e9 a s\u00edntese do seu amor por sua cidade.<\/p>\n<p>Em 1988, aconselhado por seus amigos e alunos, decide ser candidato a vereador, se elegendo e participando daquela considerada por muitos a melhor legislatura da hist\u00f3ria da C\u00e2mara Municipal de Manaus, sendo reeleito em 1992.<\/p>\n<p>Em 1994, mesmo sendo considerado \u201co azar\u00e3o\u201d, se elege Senador sendo o segundo amazonense e terceiro brasileiro a sair diretamente de uma C\u00e2mara de Vereadores para uma cadeira no Senado Federal. Sua atua\u00e7\u00e3o nas Comiss\u00f5es de Constitui\u00e7\u00e3o e Justi\u00e7a, Comiss\u00e3o de Assuntos Econ\u00f4micos e Comiss\u00e3o de Rela\u00e7\u00f5es Exteriores era elogiada pela sua qualidade. No ano de 2000, \u00e9 o relator do processo de cassa\u00e7\u00e3o do Senador Luiz Est\u00eav\u00e3o (DF), primeiro Senador cassado por quebra de decoro na hist\u00f3ria brasileira.<\/p>\n<p>No ano de 1999, descontente com atitudes e alian\u00e7as do governo FHC, deixa o PSDB e, por convite de LEONEL BRIZOLA, filia-se ao PDT e se torna presidente regional do Amazonas. Em 2001, numa campanha memor\u00e1vel, \u00e9 indicado como candidato a Presid\u00eancia do Senado Federal pelo Bloco de Oposi\u00e7\u00e3o. Sua candidatura foi derrotada, mas isso o tornou ainda mais conhecido nacionalmente como exemplo de dec\u00eancia e moralidade. Na elei\u00e7\u00e3o de 2002, se reelege senador com a maior vota\u00e7\u00e3o de Manaus e a segunda maior de todo o estado.<\/p>\n<p>Foi l\u00edder da Bancada do PDT no Senado por v\u00e1rias ocasi\u00f5es e em 2006 comp\u00f4s a chapa do PDT nas elei\u00e7\u00f5es presidenciais como candidato a vice do Senador Crist\u00f3vam Buarque (DF). Ap\u00f3s as elei\u00e7\u00f5es, fez um memor\u00e1vel discurso no Senado comunicando que ao final do seu mandato em 2010, deixaria a vida p\u00fablica. Quis o destino que nos deixasse antes.<\/p>\n<p>23 de maio de 2008, sexta-feira, por volta de 06h30min, Jefferson P\u00e9res sofre um violento ataque card\u00edaco em seu quarto, sendo encontrado morto por sua esposa Marl\u00eddice P\u00e9res. Todos n\u00f3s fomos pegos de muita surpresa. Seu corpo foi velado no Pal\u00e1cio Rio Negro, sede do Governo do Estado. Millhares de manauaras e amazonenses foram se despedir do seu senador.<\/p>\n<p>Jefferson P\u00e9res deixou um legado de defesa da moralidade, da \u00e9tica, da Amaz\u00f4nia e do seu desenvolvimento sustent\u00e1vel. De compromisso com as causas do povo, de defesa do PDT e de um partido forte pra ser alternativa real de poder no Amazonas. S\u00e3o 8 anos de saudade e lembran\u00e7as, mas tamb\u00e9m de luta pela manuten\u00e7\u00e3o dos seus valores para as novas gera\u00e7\u00f5es.<\/p>\n<p>Deixo uma frase do Senador, quando do seu discurso de apresenta\u00e7\u00e3o da sua candidatura \u00e0 presid\u00eancia do Senado Federal, em 2001:<\/p>\n<p>\u201cQuem caminha com o povo, nunca estar\u00e1 sozinho\u201d<\/p>\n<p>&nbsp;<\/p>\n<p>(*) Marcelo Barros \u00e9 militante do PDT e \u00e9 ex-presidente da Juventude do PDT-AM.<\/p>\n<!-- AddThis Advanced Settings generic via filter on the_content --><!-- AddThis Share Buttons generic via filter on the_content -->","protected":false},"excerpt":{"rendered":"<p>\u00a0 \u00a0 Jefferson P\u00e9res era um humanista. O Brasil o conhece das suas posi\u00e7\u00f5es pol\u00edticas no Senado, seu rigor \u00e9tico e seu senso implac\u00e1vel com desvios de conduta, sua palavra sint\u00e9tica e ao mesmo tempo direta, sua qualificada produ\u00e7\u00e3o legislativa respeitada at\u00e9 mesmo por seus cr\u00edticos, e seu compromisso com a atividade pol\u00edtica e parlamentar;&#8230;<!-- AddThis Advanced Settings generic via filter on wp_trim_excerpt --><!-- AddThis Share Buttons generic via filter on wp_trim_excerpt --><\/p>\n","protected":false},"author":17,"featured_media":0,"comment_status":"closed","ping_status":"closed","sticky":false,"template":"","format":"standard","meta":{"_monsterinsights_skip_tracking":false,"_monsterinsights_sitenote_active":false,"_monsterinsights_sitenote_note":"","_monsterinsights_sitenote_category":0,"_uf_show_specific_survey":0,"_uf_disable_surveys":false,"footnotes":""},"categories":[1584],"tags":[],"class_list":["post-51894","post","type-post","status-publish","format-standard","hentry","category-artigos"],"acf":[],"_links":{"self":[{"href":"https:\/\/pdt-rj.org.br\/index.php\/wp-json\/wp\/v2\/posts\/51894","targetHints":{"allow":["GET"]}}],"collection":[{"href":"https:\/\/pdt-rj.org.br\/index.php\/wp-json\/wp\/v2\/posts"}],"about":[{"href":"https:\/\/pdt-rj.org.br\/index.php\/wp-json\/wp\/v2\/types\/post"}],"author":[{"embeddable":true,"href":"https:\/\/pdt-rj.org.br\/index.php\/wp-json\/wp\/v2\/users\/17"}],"replies":[{"embeddable":true,"href":"https:\/\/pdt-rj.org.br\/index.php\/wp-json\/wp\/v2\/comments?post=51894"}],"version-history":[{"count":1,"href":"https:\/\/pdt-rj.org.br\/index.php\/wp-json\/wp\/v2\/posts\/51894\/revisions"}],"predecessor-version":[{"id":52145,"href":"https:\/\/pdt-rj.org.br\/index.php\/wp-json\/wp\/v2\/posts\/51894\/revisions\/52145"}],"wp:attachment":[{"href":"https:\/\/pdt-rj.org.br\/index.php\/wp-json\/wp\/v2\/media?parent=51894"}],"wp:term":[{"taxonomy":"category","embeddable":true,"href":"https:\/\/pdt-rj.org.br\/index.php\/wp-json\/wp\/v2\/categories?post=51894"},{"taxonomy":"post_tag","embeddable":true,"href":"https:\/\/pdt-rj.org.br\/index.php\/wp-json\/wp\/v2\/tags?post=51894"}],"curies":[{"name":"wp","href":"https:\/\/api.w.org\/{rel}","templated":true}]}}