{"id":51882,"date":"2016-05-10T13:20:01","date_gmt":"2016-05-10T16:20:01","guid":{"rendered":"http:\/\/pdt-rj.org.br\/?post_type=artigo&#038;p=42111"},"modified":"2017-01-16T09:51:32","modified_gmt":"2017-01-16T11:51:32","slug":"neiva-moreira-uma-das-cepas-mais-ilustres-do-trabalhismo","status":"publish","type":"post","link":"https:\/\/pdt-rj.org.br\/index.php\/neiva-moreira-uma-das-cepas-mais-ilustres-do-trabalhismo\/","title":{"rendered":"Neiva Moreira, uma das cepas mais ilustres do trabalhismo"},"content":{"rendered":"<p>No munic\u00edpio de Nova Iorque, no interior do Estado do Maranh\u00e3o, o pol\u00edtico, jornalista, Trabalhista e l\u00edder, Jos\u00e9 Guimar\u00e3es Neiva Moreira nasceu.<\/p>\n<p>De DNA na mais pura gen\u00e9tica trabalhista, Neiva se caracterizou pela luta dos marginalizados do seu estado, do Brasil, e do mundo.<\/p>\n<p>Um dos maiores te\u00f3ricos do Terceiro Mundo &#8211; pa\u00edses que pairavam entre os antigos blocos Ocidentais que n\u00e3o se alinhavam nem com os EUA e nem com a URSS &#8211; foi um grande ativista.<\/p>\n<figure id=\"attachment_42112\" aria-describedby=\"caption-attachment-42112\" style=\"width: 274px\" class=\"wp-caption alignleft\"><img loading=\"lazy\" decoding=\"async\" class=\" wp-image-42112\" src=\"http:\/\/pdt-rj.org.br\/wp-content\/uploads\/2016\/05\/Neiva-Moreira-228x300.jpg\" alt=\"Deputado Neiva Moreira PDT-MA\" width=\"274\" height=\"361\" srcset=\"https:\/\/pdt-rj.org.br\/wp-content\/uploads\/2016\/05\/Neiva-Moreira-228x300.jpg 228w, https:\/\/pdt-rj.org.br\/wp-content\/uploads\/2016\/05\/Neiva-Moreira-76x100.jpg 76w, https:\/\/pdt-rj.org.br\/wp-content\/uploads\/2016\/05\/Neiva-Moreira-768x1009.jpg 768w, https:\/\/pdt-rj.org.br\/wp-content\/uploads\/2016\/05\/Neiva-Moreira.jpg 779w\" sizes=\"auto, (max-width: 274px) 100vw, 274px\" \/><figcaption id=\"caption-attachment-42112\" class=\"wp-caption-text\"><strong>Deputado Neiva Moreira PDT-MA<\/strong><\/figcaption><\/figure>\n<p>Grande l\u00edder da resist\u00eancia heroica na conspira\u00e7\u00e3o que derrubou Jango em 1964, aproximou-se de Leonel Brizola, ent\u00e3o governador do Estado do Rio Grande do Sul, onde come\u00e7ou a caminhada juntos pregando as Reformas de Base.<\/p>\n<p>Preso e obrigado a exilar-se na Bol\u00edvia, de onde mudou para o Uruguai, para se reencontrar com Brizola e organizar a resist\u00eancia contra a ditadura que perdurou por 21 anos.<\/p>\n<p>Neiva, ali compreendeu de forma clara, que a crise brasileira jamais seria equacionada de forma profunda sem a conectividade de dois fatores &#8211; a uni\u00e3o dos povos oprimidos, particularmente aqueles dos pa\u00edses vizinhos que sofriam as mesmas press\u00f5es que os nossos \u2013 e a resist\u00eancia e esclarecimento deste mesmo povo.<\/p>\n<p>Neste per\u00edodo, suas pondera\u00e7\u00f5es tamb\u00e9m se voltavam para os pa\u00edses que passavam pela luta de liberta\u00e7\u00e3o de seu povo. Neiva se irmana com os povos da Arg\u00e9lia, Angola, Mo\u00e7ambique e outros pa\u00edses conflagrados pela luta, transformando-se em narrador das cr\u00f4nicas de suas lutas, e participando inclusive diretamente de suas pelejas, amarguras e triunfos.<\/p>\n<p>Ainda no ex\u00edlio foi um dos organizadores do encontro de Lisboa, onde os trabalhistas se reuniram para tra\u00e7ar mais uma vez a luta contra a ditadura e a possibilidade de anistia no Brasil.<\/p>\n<p>Com a aprova\u00e7\u00e3o da anistia, Neiva retorna ao seu pa\u00eds fazendo quest\u00e3o de desembarcar em sua terra natal, o estado do Maranh\u00e3o, onde organizou o PDT j\u00e1 que a legenda PTB fora roubada de forma vil dos trabalhistas, numa manobra de Golbery arquiteto e operador do golpe de 1964.<\/p>\n<p>De volta \u00e0s atividades pol\u00edticas, refundou os cadernos \u201cTerceiro Mundo\u201d, revista que abordava de forma cr\u00edtica a luta e o desenvolvimento dos renegados do Primeiro Mundo.<\/p>\n<p>Neiva Moreira foi presidente nacional do PDT, l\u00edder na C\u00e2mara dos Deputados por duas vezes, presidente da Comiss\u00e3o de Rela\u00e7\u00f5es Exteriores e por fim tornou-se um dos principais assessores do governador do Maranh\u00e3o, Jackson Lago, liderando do Pal\u00e1cio dos Le\u00f5es a resist\u00eancia \u00e0 cassa\u00e7\u00e3o de Lago, por fim consumada, em 2009, por press\u00f5es da oligarquia maranhense.<\/p>\n<p>Viveu intensamente as lutas mais caras de seu Maranh\u00e3o, do povo brasileiro e dos povos oprimidos do Terceiro mundo.<\/p>\n<p>Refer\u00eancia \u00edmpar do Trabalhismo p\u00e1trio, deixou como legado a obstina\u00e7\u00e3o de que \u00e9 preciso resistir, pelejar e sonhar com a justi\u00e7a social, com o pr\u00f3ximo.<\/p>\n<!-- AddThis Advanced Settings generic via filter on the_content --><!-- AddThis Share Buttons generic via filter on the_content -->","protected":false},"excerpt":{"rendered":"<p>No munic\u00edpio de Nova Iorque, no interior do Estado do Maranh\u00e3o, o pol\u00edtico, jornalista, Trabalhista e l\u00edder, Jos\u00e9 Guimar\u00e3es Neiva Moreira nasceu. De DNA na mais pura gen\u00e9tica trabalhista, Neiva se caracterizou pela luta dos marginalizados do seu estado, do Brasil, e do mundo. Um dos maiores te\u00f3ricos do Terceiro Mundo &#8211; pa\u00edses que pairavam&#8230;<!-- AddThis Advanced Settings generic via filter on wp_trim_excerpt --><!-- AddThis Share Buttons generic via filter on wp_trim_excerpt --><\/p>\n","protected":false},"author":17,"featured_media":0,"comment_status":"closed","ping_status":"closed","sticky":false,"template":"","format":"standard","meta":{"_monsterinsights_skip_tracking":false,"_monsterinsights_sitenote_active":false,"_monsterinsights_sitenote_note":"","_monsterinsights_sitenote_category":0,"_uf_show_specific_survey":0,"_uf_disable_surveys":false,"footnotes":""},"categories":[1584],"tags":[45,38,46],"class_list":["post-51882","post","type-post","status-publish","format-standard","hentry","category-artigos","tag-neiva-moreira","tag-pdt","tag-trabalhismo"],"acf":[],"_links":{"self":[{"href":"https:\/\/pdt-rj.org.br\/index.php\/wp-json\/wp\/v2\/posts\/51882","targetHints":{"allow":["GET"]}}],"collection":[{"href":"https:\/\/pdt-rj.org.br\/index.php\/wp-json\/wp\/v2\/posts"}],"about":[{"href":"https:\/\/pdt-rj.org.br\/index.php\/wp-json\/wp\/v2\/types\/post"}],"author":[{"embeddable":true,"href":"https:\/\/pdt-rj.org.br\/index.php\/wp-json\/wp\/v2\/users\/17"}],"replies":[{"embeddable":true,"href":"https:\/\/pdt-rj.org.br\/index.php\/wp-json\/wp\/v2\/comments?post=51882"}],"version-history":[{"count":1,"href":"https:\/\/pdt-rj.org.br\/index.php\/wp-json\/wp\/v2\/posts\/51882\/revisions"}],"predecessor-version":[{"id":52116,"href":"https:\/\/pdt-rj.org.br\/index.php\/wp-json\/wp\/v2\/posts\/51882\/revisions\/52116"}],"wp:attachment":[{"href":"https:\/\/pdt-rj.org.br\/index.php\/wp-json\/wp\/v2\/media?parent=51882"}],"wp:term":[{"taxonomy":"category","embeddable":true,"href":"https:\/\/pdt-rj.org.br\/index.php\/wp-json\/wp\/v2\/categories?post=51882"},{"taxonomy":"post_tag","embeddable":true,"href":"https:\/\/pdt-rj.org.br\/index.php\/wp-json\/wp\/v2\/tags?post=51882"}],"curies":[{"name":"wp","href":"https:\/\/api.w.org\/{rel}","templated":true}]}}