{"id":51881,"date":"2016-05-07T04:32:43","date_gmt":"2016-05-07T07:32:43","guid":{"rendered":"http:\/\/pdt-rj.org.br\/?post_type=artigo&#038;p=42051"},"modified":"2017-01-16T09:50:26","modified_gmt":"2017-01-16T11:50:26","slug":"por-que-so-agora-o-senhor-se-mexeu-ministro-teori","status":"publish","type":"post","link":"https:\/\/pdt-rj.org.br\/index.php\/por-que-so-agora-o-senhor-se-mexeu-ministro-teori\/","title":{"rendered":"Por que s\u00f3 agora o senhor se mexeu, ministro Teori?"},"content":{"rendered":"<p>&nbsp;<\/p>\n<p>Est\u00e1 havendo uma festa estridente com o afastamento enfim de Eduardo Cunha da presid\u00eancia da C\u00e2mara.<\/p>\n<p>\u00c9 como se o Brasil estivesse se livrando de um c\u00e2ncer.<\/p>\n<p>O ministro Teori, depois de mais de quatro intermin\u00e1veis meses, aceitou o pedido de remo\u00e7\u00e3o de Cunha feito pelo procurador geral Janot.<\/p>\n<p>Mas o foguet\u00f3rio n\u00e3o pode esconder uma quest\u00e3o crucial: por que s\u00f3 agora Teori se mexeu?<\/p>\n<p>\u00c9, neste momento, a pergunta de 1 milh\u00e3o de d\u00f3lares.<\/p>\n<p>N\u00e3o mudou nada desde que Janot entregou a solicita\u00e7\u00e3o de sa\u00edda de Cunha em 15 de dezembro.<\/p>\n<p>Quer dizer: n\u00e3o mudou nada em Cunha. Eram amplamente conhecidos seus crimes. J\u00e1 fazia meses desde que as autoridades su\u00ed\u00e7as tinham dado de bandeja \u00e0s brasileiras provas de contas secretas de Cunha na Su\u00ed\u00e7a.<\/p>\n<p>Isso configurou perj\u00fario num depoimento de Cunha na C\u00e2mara em que ele afirmou n\u00e3o ter contas no exterior.<\/p>\n<p>Muitas outras evid\u00eancias se somaram a estas.<\/p>\n<p>N\u00e3o mudou, portanto, o quadro de Cunha nos \u00faltimos meses. At\u00e9 os analfabetos pol\u00edticos que o defendiam como \u201cum corrupto nosso\u201d passaram a sentir repugn\u00e2ncia dele.<\/p>\n<p>Na verdade, a \u00fanica coisa que mudou foi que, de m\u00e3os livres o tempo todo at\u00e9 agora, Cunha p\u00f4de comandar o golpe que vai exterminando a fr\u00e1gil e jovem democracia brasileira.<\/p>\n<p>Por que Teori n\u00e3o fez o que fez antes que Eduardo Cunha transformasse o Brasil num imenso, desolador, pat\u00e9tico Paraguai?<\/p>\n<p>N\u00e3o se tratava de salvar Dilma. Mas de salvar a democracia,\u00a0 a dignidade, a honra nacional. E tamb\u00e9m de mostrar \u00e0 sociedade que o crime n\u00e3o compensa.<\/p>\n<p>Pela lentid\u00e3o de Teori, fomos obrigados a suportar espet\u00e1culos dantescos como a sess\u00e3o da C\u00e2mara em que o impeachment foi aprovado por buf\u00f5es corruptos de toda esp\u00e9cie.<\/p>\n<p>Fomos obrigados a suportar, um domingo inteiro, o rosto c\u00ednico de Cunha sentado no plen\u00e1rio da C\u00e2mara como um imperador, como um Nero ateando fogo no pa\u00eds.<\/p>\n<p>Fomos obrigados a suportar o Brasil se transformando em motivo de piada no mundo inteiro, gra\u00e7as a deputados rid\u00edculos que dedicaram seus votos a coisas como fam\u00edlias quadrangulares, ma\u00e7ons, pais, filhos, netos e agregados.<\/p>\n<p>Fomos obrigador a suportar monstruosidades como Bolsonaro dedicar seu sim a um torturador que colocava coisas nas vaginas de prisioneiras pol\u00edticas gr\u00e1vidas na ditadura.<\/p>\n<p>Teori permitiu todas essas atrocidades nacionais por deixar engavetado o pedido de afastamento de uma das maiores voca\u00e7\u00f5es de corrup\u00e7\u00e3o da hist\u00f3ria do Brasil \u2013 provavelmente a maior.<\/p>\n<p>Teori permitiu que a situa\u00e7\u00e3o econ\u00f4mica se deteriorasse ainda mais com o processo de impeachment paralisando o pa\u00eds. Com isso, milhares, talvez milh\u00f5es de brasileiros perderam seu emprego.<\/p>\n<p>Por qu\u00ea?<\/p>\n<p>A resposta s\u00f3 o pr\u00f3prio Teori sabe.<\/p>\n<p>O que \u00e9 todos sabemos \u00e9 que no tribunal da hist\u00f3ria Teori ser\u00e1 exemplarmente punido por esse crime de lesa p\u00e1tria.<\/p>\n<p>&nbsp;<\/p>\n<p><strong>(*) Paulo Nogueira \u00e9 jornalista, editor do blog &#8216;Di\u00e1rio do Centro do Mundo&#8217;.<\/strong><\/p>\n<!-- AddThis Advanced Settings generic via filter on the_content --><!-- AddThis Share Buttons generic via filter on the_content -->","protected":false},"excerpt":{"rendered":"<p>&nbsp; Est\u00e1 havendo uma festa estridente com o afastamento enfim de Eduardo Cunha da presid\u00eancia da C\u00e2mara. \u00c9 como se o Brasil estivesse se livrando de um c\u00e2ncer. O ministro Teori, depois de mais de quatro intermin\u00e1veis meses, aceitou o pedido de remo\u00e7\u00e3o de Cunha feito pelo procurador geral Janot. Mas o foguet\u00f3rio n\u00e3o pode&#8230;<!-- AddThis Advanced Settings generic via filter on wp_trim_excerpt --><!-- AddThis Share Buttons generic via filter on wp_trim_excerpt --><\/p>\n","protected":false},"author":17,"featured_media":0,"comment_status":"closed","ping_status":"closed","sticky":false,"template":"","format":"standard","meta":{"_monsterinsights_skip_tracking":false,"_monsterinsights_sitenote_active":false,"_monsterinsights_sitenote_note":"","_monsterinsights_sitenote_category":0,"_uf_show_specific_survey":0,"_uf_disable_surveys":false,"footnotes":""},"categories":[1584],"tags":[43,15,44],"class_list":["post-51881","post","type-post","status-publish","format-standard","hentry","category-artigos","tag-afastamento","tag-eduardo-cunha","tag-teori-zavaski"],"acf":[],"_links":{"self":[{"href":"https:\/\/pdt-rj.org.br\/index.php\/wp-json\/wp\/v2\/posts\/51881","targetHints":{"allow":["GET"]}}],"collection":[{"href":"https:\/\/pdt-rj.org.br\/index.php\/wp-json\/wp\/v2\/posts"}],"about":[{"href":"https:\/\/pdt-rj.org.br\/index.php\/wp-json\/wp\/v2\/types\/post"}],"author":[{"embeddable":true,"href":"https:\/\/pdt-rj.org.br\/index.php\/wp-json\/wp\/v2\/users\/17"}],"replies":[{"embeddable":true,"href":"https:\/\/pdt-rj.org.br\/index.php\/wp-json\/wp\/v2\/comments?post=51881"}],"version-history":[{"count":1,"href":"https:\/\/pdt-rj.org.br\/index.php\/wp-json\/wp\/v2\/posts\/51881\/revisions"}],"predecessor-version":[{"id":52118,"href":"https:\/\/pdt-rj.org.br\/index.php\/wp-json\/wp\/v2\/posts\/51881\/revisions\/52118"}],"wp:attachment":[{"href":"https:\/\/pdt-rj.org.br\/index.php\/wp-json\/wp\/v2\/media?parent=51881"}],"wp:term":[{"taxonomy":"category","embeddable":true,"href":"https:\/\/pdt-rj.org.br\/index.php\/wp-json\/wp\/v2\/categories?post=51881"},{"taxonomy":"post_tag","embeddable":true,"href":"https:\/\/pdt-rj.org.br\/index.php\/wp-json\/wp\/v2\/tags?post=51881"}],"curies":[{"name":"wp","href":"https:\/\/api.w.org\/{rel}","templated":true}]}}