{"id":51875,"date":"2016-04-21T18:50:01","date_gmt":"2016-04-21T21:50:01","guid":{"rendered":"http:\/\/pdt-rj.org.br\/?post_type=artigo&#038;p=41177"},"modified":"2017-01-16T09:51:31","modified_gmt":"2017-01-16T11:51:31","slug":"brasil-vive-um-processo-fraudulento-de-impeachment","status":"publish","type":"post","link":"https:\/\/pdt-rj.org.br\/index.php\/brasil-vive-um-processo-fraudulento-de-impeachment\/","title":{"rendered":"Brasil vive um processo fraudulento de impeachment"},"content":{"rendered":"<p>&nbsp;<\/p>\n<p><img loading=\"lazy\" decoding=\"async\" class=\" wp-image-38662 alignright\" src=\"http:\/\/pdt-rj.org.br\/wp-content\/uploads\/2016\/03\/as-duas-manifest-300x300.jpg\" alt=\"as duas manifest\" width=\"447\" height=\"447\" srcset=\"https:\/\/pdt-rj.org.br\/wp-content\/uploads\/2016\/03\/as-duas-manifest-300x300.jpg 300w, https:\/\/pdt-rj.org.br\/wp-content\/uploads\/2016\/03\/as-duas-manifest-100x100.jpg 100w, https:\/\/pdt-rj.org.br\/wp-content\/uploads\/2016\/03\/as-duas-manifest.jpg 487w\" sizes=\"auto, (max-width: 447px) 100vw, 447px\" \/>A imprensa s\u00e9ria do mundo, os segmentos jur\u00eddicos, pol\u00edticos, intelectuais e acad\u00eamicos; governos e organismos internacionais s\u00e3o un\u00e2nimes na condena\u00e7\u00e3o do golpe de Estado que est\u00e1 em andamento no Brasil atrav\u00e9s de um processo fraudulento de\u00a0<em>impeachment<\/em>.<\/p>\n<p>Numa emissora de TV de Portugal, o analista\u00a0<a href=\"http:\/\/expresso.sapo.pt\/internacional\/2016-04-18-Nunca-vi-o-Brasil-descer-tao-baixo\">Miguel Sousa Tavares<\/a>, que acompanha a realidade brasileira h\u00e1 mais de 30 anos, disse que a sess\u00e3o da C\u00e2mara dos Deputados<\/p>\n<p>\u201c<em>foi uma assembl\u00e9ia geral de bandidos comandada por um bandido chamado Eduardo Cunha fazendo a destitui\u00e7\u00e3o de uma Presidente sem qualquer base jur\u00eddica nem constitucional, mas, sobretudo, com uma falta de dignidade que eu diria que \u00e9 de arrepiar; uma bandalheira<\/em>\u201d. Ele diz, ainda: \u201c<em>nunca vi o Brasil descer t\u00e3o baixo<\/em>\u201d.<\/p>\n<p>A participa\u00e7\u00e3o da Presidente Dilma na assinatura do protocolo sobre mudan\u00e7as clim\u00e1ticas nas Na\u00e7\u00f5es Unidas, em Nova York, ser\u00e1 uma importante oportunidade para esclarecer o mundo sobre o golpe.<\/p>\n<p>Aquela \u201c<em>assembl\u00e9ia geral de bandidos comandada por um bandido chamado Eduardo Cunha<\/em>\u201d mandou a Nova York os deputados\u00a0Jos\u00e9 Carlos Aleluia [DEM] e Luiz Lauro Filho [PSB] para vigiarem os passos da Presidente Dilma na ONU.\u00a0Esta a\u00e7\u00e3o \u00e9 mais uma prova da obstru\u00e7\u00e3o do governo pela oposi\u00e7\u00e3o. Al\u00e9m do desrespeito \u00e0 pessoa da Presidente da Rep\u00fablica, \u00e9 nova afronta \u00e0 Constitui\u00e7\u00e3o do pa\u00eds \u2013 a representa\u00e7\u00e3o oficial do Estado brasileiro no exterior \u00e9 atribui\u00e7\u00e3o presidencial.<\/p>\n<p>A narrativa de que uma \u201c<em>assembl\u00e9ia geral de bandidos comandada por um bandido<\/em>\u201d promoveu um golpe de Estado, est\u00e1 agendando o notici\u00e1rio internacional. No Brasil, o golpe liberou uma comovente consci\u00eancia democr\u00e1tica e popular somente equipar\u00e1vel \u00e0 memor\u00e1vel campanha das\u00a0<em>Diretas J\u00e1<\/em>, de 1984.<\/p>\n<p>Os golpistas est\u00e3o indignados com esta repercuss\u00e3o. Eles detonaram a democracia e esperavam uma vida mansa e a impunidade hist\u00f3rica que jamais ter\u00e3o. Diante do desgaste de imagem e de questionamento da legitimidade, reagem de maneira ostensiva \u2013 a \u201csupervis\u00e3o\u201d da Presidente na ONU \u00e9 parte dessa rea\u00e7\u00e3o.<\/p>\n<p>Os atores golpistas tentam contrarrestar esta narrativa cr\u00edtica do golpe atrav\u00e9s de um discurso monol\u00edtico de ordem e normalidade institucional. O senador tucano Aloysio Nunes, por ordem do conspirador-golpista Temer, j\u00e1\u00a0<a href=\"http:\/\/cartamaior.com.br\/?\/Editoria\/Politica\/Comunidade-internacional-denuncia-o-golpe-Obama-fica-em-silencio\/4\/35985\">tinha desembarcado nos EUA<\/a>\u00a0no dia seguinte \u00e0 \u201c<em>assembl\u00e9ia geral de bandidos<\/em>\u201d para fazer rela\u00e7\u00f5es p\u00fablicas do golpe no Departamento de Estado, no Congresso e junto a setores pol\u00edticos e empresariais.<\/p>\n<p>Os ju\u00edzes de sempre do STF fazem coro un\u00edssono de defesa do golpe nos microfones dos \u00f3rg\u00e3os da imprensa golpista. O destaque de ontem foi o juiz Dias Tofolli, que parece aspirar suas convic\u00e7\u00f5es jur\u00eddicas [se \u00e9 que as t\u00eam] diretamente da axila do Gilmar Mendes. Um par\u00eantesis: Joaquim Barbosa j\u00e1 fez refer\u00eancia a supostos jagun\u00e7os do Gilmar no Mato Grosso; por\u00e9m desconhece-se a exist\u00eancia de algum deles na Suprema Corte.<\/p>\n<p>A Globo e os demais \u00f3rg\u00e3os da imprensa golpista naturalmente cumprem o seu papel na constru\u00e7\u00e3o da narrativa legitimadora do golpe. Os meios alternativos de informa\u00e7\u00e3o e a mobiliza\u00e7\u00e3o social nas redes sociais neutralizam a efici\u00eancia da comunica\u00e7\u00e3o golpista, e a Globo hoje j\u00e1 n\u00e3o consegue entorpecer as consci\u00eancias e mentes como conseguiu em 1964.<\/p>\n<p>Em\u00a0<a href=\"https:\/\/www.google.com.br\/search?q=senado+nao+vai+ser+uma+sucursal+golpista+do+cunha+e+do+temer&amp;oq=senado+nao&amp;aqs=chrome.0.69i59j69i57j0l4.2212j1j9&amp;sourceid=chrome&amp;ie=UTF-8\">artigo de 19.03<\/a>, dissemos que<em>\u00a0<\/em>\u201c<em>o Brasil n\u00e3o est\u00e1 em situa\u00e7\u00e3o de normalidade institucional, \u00e9 mentira que as institui\u00e7\u00f5es est\u00e3o fortes e funcionando; elas est\u00e3o entorpecidas e acovardadas pela f\u00faria fascista reverberada pela m\u00eddia hegem\u00f4nica. No Brasil est\u00e1 em andamento um golpe contra a Constitui\u00e7\u00e3o e contra o Estado Democr\u00e1tico de Direito. \u00c9 fundamental amplificar a den\u00fancia do golpe em escala nacional e no plano internacional<\/em>\u201d.<\/p>\n<p>O governo, personalidades e as for\u00e7as pol\u00edticas do campo democr\u00e1tico e popular devem intensificar a den\u00fancia do golpe no mundo.\u00a0\u00c9 imperioso se intensificar, nos pr\u00f3ximos dias, o trabalho de divulga\u00e7\u00e3o e de esclarecimento did\u00e1tico do golpe perante organismos internacionais, governos, partidos pol\u00edticos, artistas, intelectuais, movimentos sociais etc.<\/p>\n<p>Dentro deste esp\u00edrito, o ex-presidente Lula, Celso Amorim, Samuel Guimar\u00e3es, Marco Aur\u00e9lio Garcia, juristas, intelectuais, artistas e ativistas sociais brasileiros reconhecidos internacionalmente poderiam organizar visitas a v\u00e1rios pa\u00edses e, al\u00e9m disso, produzirem v\u00eddeos e dossi\u00eas sobre o golpe de Estado no Brasil para ampla difus\u00e3o em v\u00e1rios idiomas.<\/p>\n<p>O mundo est\u00e1 atento ao Brasil, \u00e9 fundamental construir a narrativa verdadeira sobre esta etapa sombria para deslegitimar perante o mundo\u00a0qualquer solu\u00e7\u00e3o que derive deste atentado \u00e0 Constitui\u00e7\u00e3o desferido por \u201c<em>uma assembl\u00e9ia geral de bandidos comandada por um bandido<\/em>\u201d.<\/p>\n<p>&nbsp;<\/p>\n<p><strong>(*) Jefferson Miola coordenou o 5\u00b0 Forum Mundial Social.<\/strong><\/p>\n<p>&nbsp;<\/p>\n<!-- AddThis Advanced Settings generic via filter on the_content --><!-- AddThis Share Buttons generic via filter on the_content -->","protected":false},"excerpt":{"rendered":"<p>&nbsp; A imprensa s\u00e9ria do mundo, os segmentos jur\u00eddicos, pol\u00edticos, intelectuais e acad\u00eamicos; governos e organismos internacionais s\u00e3o un\u00e2nimes na condena\u00e7\u00e3o do golpe de Estado que est\u00e1 em andamento no Brasil atrav\u00e9s de um processo fraudulento de\u00a0impeachment. Numa emissora de TV de Portugal, o analista\u00a0Miguel Sousa Tavares, que acompanha a realidade brasileira h\u00e1 mais de&#8230;<!-- AddThis Advanced Settings generic via filter on wp_trim_excerpt --><!-- AddThis Share Buttons generic via filter on wp_trim_excerpt --><\/p>\n","protected":false},"author":17,"featured_media":0,"comment_status":"closed","ping_status":"closed","sticky":false,"template":"","format":"standard","meta":{"_monsterinsights_skip_tracking":false,"_monsterinsights_sitenote_active":false,"_monsterinsights_sitenote_note":"","_monsterinsights_sitenote_category":0,"_uf_show_specific_survey":0,"_uf_disable_surveys":false,"footnotes":""},"categories":[1584],"tags":[22,23,24,25],"class_list":["post-51875","post","type-post","status-publish","format-standard","hentry","category-artigos","tag-brasil","tag-dilma-rousseff","tag-impeachment","tag-jefferson-miola"],"acf":[],"_links":{"self":[{"href":"https:\/\/pdt-rj.org.br\/index.php\/wp-json\/wp\/v2\/posts\/51875","targetHints":{"allow":["GET"]}}],"collection":[{"href":"https:\/\/pdt-rj.org.br\/index.php\/wp-json\/wp\/v2\/posts"}],"about":[{"href":"https:\/\/pdt-rj.org.br\/index.php\/wp-json\/wp\/v2\/types\/post"}],"author":[{"embeddable":true,"href":"https:\/\/pdt-rj.org.br\/index.php\/wp-json\/wp\/v2\/users\/17"}],"replies":[{"embeddable":true,"href":"https:\/\/pdt-rj.org.br\/index.php\/wp-json\/wp\/v2\/comments?post=51875"}],"version-history":[{"count":1,"href":"https:\/\/pdt-rj.org.br\/index.php\/wp-json\/wp\/v2\/posts\/51875\/revisions"}],"predecessor-version":[{"id":52124,"href":"https:\/\/pdt-rj.org.br\/index.php\/wp-json\/wp\/v2\/posts\/51875\/revisions\/52124"}],"wp:attachment":[{"href":"https:\/\/pdt-rj.org.br\/index.php\/wp-json\/wp\/v2\/media?parent=51875"}],"wp:term":[{"taxonomy":"category","embeddable":true,"href":"https:\/\/pdt-rj.org.br\/index.php\/wp-json\/wp\/v2\/categories?post=51875"},{"taxonomy":"post_tag","embeddable":true,"href":"https:\/\/pdt-rj.org.br\/index.php\/wp-json\/wp\/v2\/tags?post=51875"}],"curies":[{"name":"wp","href":"https:\/\/api.w.org\/{rel}","templated":true}]}}