{"id":51874,"date":"2013-08-29T17:05:52","date_gmt":"2013-08-29T20:05:52","guid":{"rendered":"http:\/\/pdt-rj.org.br\/?post_type=artigo&#038;p=50652"},"modified":"2017-01-16T09:52:05","modified_gmt":"2017-01-16T11:52:05","slug":"trabalhismo-e-a-juventude-socialista-no-seculo-xxi","status":"publish","type":"post","link":"https:\/\/pdt-rj.org.br\/index.php\/trabalhismo-e-a-juventude-socialista-no-seculo-xxi\/","title":{"rendered":"O Trabalhismo e a Juventude Socialista no s\u00e9culo XXI"},"content":{"rendered":"<p>Leonel Brizola h\u00e1 vinte e seis anos abria o I Congresso Brasileiro do Socialismo Democr\u00e1tico, nome do primeiro congresso do PDT. Naquela \u00e9poca, a luta era para reconstruir o Trabalhismo e apontar que os novos rumos para o desenvolvimento do Brasil se dariam por uma sociedade menos desigual e democr\u00e1tica. O socialismo empolgava \u00e0queles companheiros que, com Brizola se uniram pra mudar nosso imenso e rico Brasil.<\/p>\n<p> O momento era de crise, mas tamb\u00e9m de esperan\u00e7a. Era a possibilidade de retomar o di\u00e1logo pol\u00edtico no Brasil, que teve sua popula\u00e7\u00e3o calada por tantos anos em que viveu um regime de autoritarismo e viol\u00eancia. A constituinte, as pautas sobre direitos humanos, a decis\u00e3o de incorporar o trabalhismo brasileiro a fam\u00edlia do socialismo democr\u00e1tico internacional empolgaram muitos brasileiros e, dentre eles, muitos e muitos jovens.<\/p>\n<p> Passados tanto tempo, muita coisa mudou neste Brasil, mas as contradi\u00e7\u00f5es de classe, a espolia\u00e7\u00e3o internacional e v\u00e1rias mazelas sociais persistem. Nosso partido, \u00e9 claro, esteve sempre na vanguarda da luta do povo brasileiro e n\u00f3s da JS podemos nos orgulhar e dizer que sempre fomos a vanguarda do PDT. Lutamos pela redemocratiza\u00e7\u00e3o, contra as reformas neoliberais, fomos \u00e0s ruas pedir o impeachment de um presidente que traiu nossa Na\u00e7\u00e3o, lutamos contra as reformas ditas modernizantes de FHC em seus dois governos. Enfim, auxiliamos a constru\u00e7\u00e3o da luta que levou o primeiro oper\u00e1rio a governar este pa\u00eds. Ajudamos a eleger a primeira mulher presidente em nossa hist\u00f3ria. N\u00e3o deixamos de lutar jamais. Nossa bandeira sempre esteve de p\u00e9, em cada escola, universidade, passeata, nas frentes que ousam discutir direitos pra minorias, n\u00f3s da JS sempre estivemos l\u00e1.<\/p>\n<p> E agora? Qual deve ser o nosso papel em pleno s\u00e9culo XXI, nesta sociedade p\u00f3s-industrial, individualista e que tende a desprezar a pol\u00edtica como ferramenta das mudan\u00e7as? Nosso papel \u00e9 dar continuidade a luta. N\u00e3o podemos vacilar, assim como toda \u00e0quela gera\u00e7\u00e3o dos anos 60 que foi pras ruas dizer n\u00e3o ao golpe contra os trabalhistas e Jo\u00e3o Goulart, ou a outra que garantiu a chegada no poder de forma revolucion\u00e1ria do grande pai dos trabalhadores Get\u00falio Vargas.\u00a0<\/p>\n<p> Assim como nos anos oitenta, Brizola inovou nas tem\u00e1ticas e pautas. N\u00f3s da JS devemos ser ousados e garantir que nosso partido continue sendo de luta. N\u00f3s que somos cibern\u00e9ticos, globais, que respeitamos a diversidade e a pluralidade. Que constru\u00edmos o dia dia nas ruas e pra\u00e7as levantando a bandeira de um Brasil de todos, somos o PDT. Cada dias mais construir nosso partido \u00e9 nossa tarefa e lutar pra fazer avan\u00e7ar a nossa sociedade. Contem conosco! Contem com a Juventude Socialista de Vargas, Jango, Darcy, Abdias, Edialeda, Prestes, Brizola , Manoel Dias, Lupi e tantos outros companheiros que constroem o socialismo e a democracia em todo o noso Brasil.<\/p>\n<p> Viva A JS VARGOJANGOBRIZOLISTA! Viva o Brasil!\u00a0<\/p>\n<p>&nbsp;<\/p>\n<p><strong><em>*Everton Gomes \u00e9 Bacharel em Direito e Mestre em Ci\u00eancia Pol\u00edtica, \u00e9 vice-presidente nacional da Juventude Socialista do PDT e membro titular do Diret\u00f3rio Nacional do PDT.<\/em><\/strong><\/p>\n<!-- AddThis Advanced Settings generic via filter on the_content --><!-- AddThis Share Buttons generic via filter on the_content -->","protected":false},"excerpt":{"rendered":"<p>Leonel Brizola h\u00e1 vinte e seis anos abria o I Congresso Brasileiro do Socialismo Democr\u00e1tico, nome do primeiro congresso do PDT. Naquela \u00e9poca, a luta era para reconstruir o Trabalhismo e apontar que os novos rumos para o desenvolvimento do Brasil se dariam por uma sociedade menos desigual e democr\u00e1tica. O socialismo empolgava \u00e0queles companheiros&#8230;<!-- AddThis Advanced Settings generic via filter on wp_trim_excerpt --><!-- AddThis Share Buttons generic via filter on wp_trim_excerpt --><\/p>\n","protected":false},"author":17,"featured_media":0,"comment_status":"closed","ping_status":"closed","sticky":false,"template":"","format":"standard","meta":{"_monsterinsights_skip_tracking":false,"_monsterinsights_sitenote_active":false,"_monsterinsights_sitenote_note":"","_monsterinsights_sitenote_category":0,"_uf_show_specific_survey":0,"_uf_disable_surveys":false,"footnotes":""},"categories":[1584],"tags":[1844,1845,234,1846,338,1847,1796,1848,539,565,1849,38,1850,46,1851,954],"class_list":["post-51874","post","type-post","status-publish","format-standard","hentry","category-artigos","tag-autoritarismo","tag-bandeira","tag-comissao-do-impeachment","tag-contradicoes-de-classe","tag-educacao","tag-espoliacao-internacional","tag-everton-gomes","tag-i-congresso-brasileiro-do-socialismo-democratico","tag-juventude-socialista","tag-leonel-brizola","tag-nacao","tag-pdt","tag-socialismo-democratico-internacional","tag-trabalhismo","tag-vanguarda","tag-violencia"],"acf":[],"_links":{"self":[{"href":"https:\/\/pdt-rj.org.br\/index.php\/wp-json\/wp\/v2\/posts\/51874","targetHints":{"allow":["GET"]}}],"collection":[{"href":"https:\/\/pdt-rj.org.br\/index.php\/wp-json\/wp\/v2\/posts"}],"about":[{"href":"https:\/\/pdt-rj.org.br\/index.php\/wp-json\/wp\/v2\/types\/post"}],"author":[{"embeddable":true,"href":"https:\/\/pdt-rj.org.br\/index.php\/wp-json\/wp\/v2\/users\/17"}],"replies":[{"embeddable":true,"href":"https:\/\/pdt-rj.org.br\/index.php\/wp-json\/wp\/v2\/comments?post=51874"}],"version-history":[{"count":1,"href":"https:\/\/pdt-rj.org.br\/index.php\/wp-json\/wp\/v2\/posts\/51874\/revisions"}],"predecessor-version":[{"id":52103,"href":"https:\/\/pdt-rj.org.br\/index.php\/wp-json\/wp\/v2\/posts\/51874\/revisions\/52103"}],"wp:attachment":[{"href":"https:\/\/pdt-rj.org.br\/index.php\/wp-json\/wp\/v2\/media?parent=51874"}],"wp:term":[{"taxonomy":"category","embeddable":true,"href":"https:\/\/pdt-rj.org.br\/index.php\/wp-json\/wp\/v2\/categories?post=51874"},{"taxonomy":"post_tag","embeddable":true,"href":"https:\/\/pdt-rj.org.br\/index.php\/wp-json\/wp\/v2\/tags?post=51874"}],"curies":[{"name":"wp","href":"https:\/\/api.w.org\/{rel}","templated":true}]}}