{"id":51869,"date":"2016-04-15T17:28:17","date_gmt":"2016-04-15T20:28:17","guid":{"rendered":"http:\/\/pdt-rj.org.br\/?post_type=artigo&#038;p=40467"},"modified":"2017-01-16T09:51:02","modified_gmt":"2017-01-16T11:51:02","slug":"de-magos-e-de-monstros","status":"publish","type":"post","link":"https:\/\/pdt-rj.org.br\/index.php\/de-magos-e-de-monstros\/","title":{"rendered":"De magos e de monstros"},"content":{"rendered":"<p><img loading=\"lazy\" decoding=\"async\" class=\"size-medium wp-image-40468 alignright\" src=\"http:\/\/pdt-rj.org.br\/wp-content\/uploads\/2016\/04\/mauro.santayana-300x165.jpg\" alt=\"mauro.santayana\" width=\"300\" height=\"165\" srcset=\"https:\/\/pdt-rj.org.br\/wp-content\/uploads\/2016\/04\/mauro.santayana-300x165.jpg 300w, https:\/\/pdt-rj.org.br\/wp-content\/uploads\/2016\/04\/mauro.santayana-100x55.jpg 100w, https:\/\/pdt-rj.org.br\/wp-content\/uploads\/2016\/04\/mauro.santayana.jpg 401w\" sizes=\"auto, (max-width: 300px) 100vw, 300px\" \/>Dizem que, certa vez, querendo derrotar um advers\u00e1rio, um grupo de magos e de aspirantes a magos \u2013 entre eles havia numerosos aprendizes de feiticeiro \u2013 reuniu-se para construir uma criatura monstruosa, que pudesse destro\u00e7ar, impiedosamente, o inimigo.<\/p>\n<p>&#8211; Vamos fazer uma cauda longa e forte, coberta de espinhos &#8211; disse um deles.<\/p>\n<p>&#8211; E uma boca imensa como um precip\u00edcio, com duas fileiras de dentes de tubar\u00e3o, tamanho X-G \u2013 disse outro.<\/p>\n<p>&#8211; E seis patas, longas como lan\u00e7as e grossas como porretes, que possam perseguir e acuar qualquer um que esteja se vestindo com as cores deles \u2013 afirmou o terceiro.<\/p>\n<p>&#8211; Cada uma com 12 garras, afiadas e curvas, como espadas de sarracenos \u2013 refor\u00e7ou mais um.<\/p>\n<p>&#8211; Tudo isso unido, por este tronco aqui \u2013 sugeriu outro &#8211; grosso como o de um rinoceronte.<\/p>\n<p>&#8211; Coberto com escamas em l\u00e2minas, que cortem como cacos de vidro \u2013 propuseram outros, que tinham acabado de chegar ao encontro.<\/p>\n<p>E durante meses os magos assim procederam.<\/p>\n<p>Al\u00e9m de detalhes f\u00edsicos, in\u00fameros, foram acrescidos \u00e0 receita conden\u00e1veis sentimentos, que iam sendo reunidos para alimentar, na fase final, o monstro por via intravenosa, j\u00e1 que ele, como um abomin\u00e1vel frankenstein can\u00eddeo, ressonava, roncando, no p\u00e1tio do castelo, esperando o dia em que despertaria completamente, como a Bela Adormecida.<\/p>\n<p>Por isso, no caldeir\u00e3o em que fervia a po\u00e7\u00e3o que era injetada, como um soro f\u00e9tido, no monstro, por mil agulhas espalhadas pelo corpo, se juntaram o \u00f3dio mais virulento, as mentiras mais descaradas, o preconceito mais arrogante, a viol\u00eancia mais s\u00e1dica, a ignor\u00e2ncia mais teimosa, a manipula\u00e7\u00e3o mais descarada e a mais c\u00ednica hipocrisia.<\/p>\n<p>Nesse af\u00e3, passaram-se dias, semanas.<\/p>\n<p>At\u00e9 que, meses depois, em um crep\u00fasculo lento e friorento, os magos se reuniram nas arquibancadas do p\u00e1tio do castelo, para acordar, finalmente, a estranha criatura.<\/p>\n<p>Para isso, um mago an\u00e3o, equilibrista, subindo ousadamente sobre o rabo do monstro, percorreu lenta e solenemente o seu tronco, e, escalando sua cabe\u00e7a, aproximou-se do focinho repugnante e disforme, para soprar, precedido pelo som de trombetas, em suas ventas, com um canudo feito de despachos judiciais, manchetes de jornal e capas de revista, o vapor azulado da exist\u00eancia.<\/p>\n<p>Passaram-se ent\u00e3o alguns segundos, de ansiedade e expectativa, em que se poderia ouvir o zumbido de um inseto.<\/p>\n<p>E no instante em que o monstro se levantou, resfolegando como o c\u00e3o dos infernos, foi como se a terra tivesse, s\u00fabita e violentamente, estremecido.<\/p>\n<p>A massa da gigantesca criatura balan\u00e7ou-se, de um lado para o outro, como uma montanha, atirando, sobre uma arquibancada mais alta, o an\u00e3o-mago que havia lhe soprado a vida.<\/p>\n<p>E quando, abrindo os olhos em chamas, ele escancarou a espantosa bocarra, mostrando a garganta escura e profunda como um po\u00e7o, emoldurada pelas longas fileiras de dentes, de onde explodiu, como uma bomba, o poderoso trov\u00e3o de seu rugido, fazendo com que todo mundo sa\u00edsse correndo, desabaladamente, ainda ouviu-se, desesperado e agudo, um grito lancinante:<\/p>\n<p>&#8211; Ih! Ih! Corre, macacada, corre!<\/p>\n<p>A gente se esqueceu de colocar a coleira!<\/p>\n<p>Se tivesse acesso a um pequeno livro de contos mor\u00e1vios da segunda metade do medievo, que comprei em um velho sebo em Praga, que me inspirou o in\u00edcio deste texto, certamente parte da oposi\u00e7\u00e3o e do pr\u00f3prio PMDB teriam pensado duas vezes antes de agir como os magos e os seus aprendizes, e optar, uns de forma planejada, outros de maneira crescente e intuitiva, por incentivar e\u00a0 cevar, com a velha, surrada, manipulada bandeira do combate \u00e0 corrup\u00e7\u00e3o de sempre,\u00a0 o monstro da antipol\u00edtica,\u00a0 e por abandonar o calend\u00e1rio eleitoral normal para embarcar em um jogo suicida de encarni\u00e7ado perde-perde\u00a0 do qual, como se pode ver tamb\u00e9m pelas \u00faltimas pesquisas, todos, ou quase todos, sair\u00e3o exangues, feridos e derrotados, e em situa\u00e7\u00e3o muito pior do que a que estavam antes.<\/p>\n<p>Nos \u00faltimos anos, e principalmente nos \u00faltimos meses, da Copa do Mundo para c\u00e1, muita gente insistiu em empurrar, radical, emotivamente, a popula\u00e7\u00e3o e a opini\u00e3o p\u00fablica contra o governo, como se disso dependesse a salva\u00e7\u00e3o do pa\u00eds.<\/p>\n<p>E o que se conseguiu foi criar uma grande massa de brasileiros, equivalente hoje a cerca de 20% da popula\u00e7\u00e3o, que nutre o mais profundo desprezo pela pol\u00edtica, pelo Congresso, pelos partidos, pelo Supremo Tribunal Federal e pelo Poder Executivo, e que n\u00e3o tem \u2013 e n\u00e3o quer ter &#8211; a menor ideia de como funciona um regime democr\u00e1tico ou o presidencialismo de coaliz\u00e3o.<\/p>\n<p>Uma turba que, da defesa da tortura, da ditadura, do assassinato de advers\u00e1rios pol\u00edticos, ao anseio de uma democracia direta feita na base da porrada e do porrete, exercida pela for\u00e7a, a press\u00e3o e a viol\u00eancia, exibe os mais esdr\u00faxulos devaneios e del\u00edrios, tendo como \u00fanicos pontos de uni\u00e3o um anticomunismo\u00a0 tosco e anacr\u00f4nico, o \u00f3dio ao estado, o desprezo pelo Brasil e por suas conquistas e preconceitos de todo tipo e que s\u00f3 aceita \u2013 at\u00e9 agora \u2013 a lideran\u00e7a de dois personagens desequilibrados pelo ego e pela ambi\u00e7\u00e3o, que representam, a m\u00e9dio prazo, um imponder\u00e1vel, incalcul\u00e1vel, extremado risco para a sobreviv\u00eancia da democracia e das institui\u00e7\u00f5es.<\/p>\n<p>O PT, de sua parte, embora n\u00e3o possa ser inclu\u00eddo no \u201cc\u00edrculo m\u00e1gico\u201d a que nos referimos, fez, paradoxalmente, quase todo o poss\u00edvel para o crescimento dessa receita fascista.<\/p>\n<p>Alimentou, com bilh\u00f5es de reais, uma m\u00eddia parcial, seletiva, inimiga, quando, at\u00e9 mesmo usando o s\u00e1bio pretexto da austeridade, poderia ter evitado faz\u00ea-lo, suspendendo, ou limitando \u00e0 publicidade legal obrigat\u00f3ria, toda a propaganda paga do governo.<\/p>\n<p>Abandonou, sem nenhuma estrat\u00e9gia que pudesse impedi-lo, os espa\u00e7os aparentemente \u201cneutros\u201d e de maior \u201caudi\u00eancia\u201d da internet para a direita, e, depois, para a extrema direita, permitindo que, sem nenhuma rea\u00e7\u00e3o em contr\u00e1rio, eles se tornassem o principal caldo de fermento de uma malta ignorante, violenta, hip\u00f3crita, manipulada e burra, parte dela oriunda de um p\u00fablico que as pr\u00f3prias pol\u00edticas sociais do Partido dos Trabalhadores havia levado a ter acesso, por meio da inclus\u00e3o digital, a computadores, tablets, celulares e conex\u00f5es de rede.<\/p>\n<p>N\u00e3o estruturou um discurso claro, baseado em dados simples, em nada cabal\u00edsticos, do PIB, d\u00edvida p\u00fablica, carga tribut\u00e1ria, que pudesse desmentir teses estapaf\u00fardias como a de que quebrou o Brasil nos \u00faltimos 13 anos, ou de que sucateou as For\u00e7as Armadas, quando lan\u00e7ou o maior programa de rearmamento da \u00e1rea de defesa dos \u00faltimos 500 anos.<\/p>\n<p>Alguns de seus dirigentes se entregaram \u00e0 aceita\u00e7\u00e3o de pequenos, perigosos e absolutamente desnecess\u00e1rios \u201cfavores\u201d &#8211; n\u00e3o ilegais, mas moral e politicamente discut\u00edveis &#8211; e outros personagens se entregaram a opera\u00e7\u00f5es de \u201cconsultoria\u201d, prestadas n\u00e3o apenas a empresas brasileiras \u2013 coisa totalmente compreens\u00edvel, no apoio por exemplo, \u00e0 exporta\u00e7\u00e3o de servi\u00e7os e equipamentos nacionais \u2013 mas tamb\u00e9m a companhias multinacionais, algumas delas &#8211; n\u00e3o necessariamente por influ\u00eancia do PT, mas em seus governos\u00a0 &#8211; beneficiadas, nos \u00faltimos anos, por \u201cperd\u00e3o\u201d de impostos e empr\u00e9stimos bilion\u00e1rios, lembrando, nessa aproxima\u00e7\u00e3o, o que ocorria nos governos\u00a0 neoliberais e entreguistas anteriores.<\/p>\n<p>O caminho para o cadafalso foi percorrido, inexoravelmente,\u00a0 at\u00e9 agora, com a resigna\u00e7\u00e3o e a ina\u00e7\u00e3o de quem achava que algum milagre sempre ia ocorrer na etapa seguinte, \u00e0 volta da esquina, quando o golpe em andamento s\u00f3 faltou ser anunciado em luzes de neon, por fatos como o deslocamento &#8211; para o qual chamamos a aten\u00e7\u00e3o \u00e0 \u00e9poca &#8211; para Bras\u00edlia, da mesma embaixadora norte-americana que estava lotada em Assun\u00e7\u00e3o no processo de derrubada jur\u00eddico-pol\u00edtico- midi\u00e1tica do Presidente Fernando Lugo.<\/p>\n<p>A oposi\u00e7\u00e3o tem perdido apoio e inten\u00e7\u00e3o de votos com o discurso geral de judicializa\u00e7\u00e3o e criminaliza\u00e7\u00e3o da pol\u00edtica, na mesma propor\u00e7\u00e3o em que seus membros s\u00e3o acusados de corrup\u00e7\u00e3o, quase que exatamente com os mesmos pretextos, jogadas e subterf\u00fagios \u2013 principalmente a transforma\u00e7\u00e3o de doa\u00e7\u00f5es legais em ilegais e dela\u00e7\u00f5es premiadas negociadas em troca da liberdade mesmo que provis\u00f3ria de detidos &#8211; que antes se utilizavam apenas contra membros do PT e da coaliz\u00e3o governista.<\/p>\n<p>O Congresso tamb\u00e9m perdeu como um todo, institucionalmente, bastando para isso ver a quantidade de membros do legislativo processados pela justi\u00e7a &#8211; inclu\u00eddos os presidentes da C\u00e2mara e do Senado &#8211; ou apenas no \u00e2mbito da Opera\u00e7\u00e3o Lava-Jato, como \u00e9 o caso, por exemplo, da composi\u00e7\u00e3o da pr\u00f3pria Comiss\u00e3o que aprovou, em primeira vota\u00e7\u00e3o, por maioria simples, o impedimento da Presidente da Rep\u00fablica.<\/p>\n<p>A Opera\u00e7\u00e3o Lava-Jato, insuflada pela oposi\u00e7\u00e3o no in\u00edcio, e pela m\u00eddia conservadora durante todo o tempo, e o esporte nacional de acuar e inviabilizar o governo, aprofundaram o efeito da crise econ\u00f4mica internacional, arrebentando com a governabilidade e com a economia e quebrando milhares de brasileiros, que, at\u00e9 mesmo por isso, est\u00e3o se afastando tamb\u00e9m da pol\u00edtica tradicional, \u201cseduzidos\u201d, como sempre, por novos e velhos paraquedistas que dizem que n\u00e3o s\u00e3o \u201cpol\u00edticos\u201d.<\/p>\n<p>Quanto ao PMDB, se nem os magos e seus aprendizes conseguiram se aproximar da criatura que geraram \u2013 por hora disposta a ganhar afagos e festas de apenas duas pessoas, o Juiz S\u00e9rgio Moro e o Capit\u00e3o Jair Bolsonaro, que se aproximam, perigosamente de 16% dos votos;<\/p>\n<p>Se a malta fascista que est\u00e1 nas ruas, criada com o leite amargo do \u00f3dio e o p\u00e3o de l\u00f3 da criminaliza\u00e7\u00e3o e desconstru\u00e7\u00e3o da pol\u00edtica que a oposi\u00e7\u00e3o e a imprensa amassaram com o rabo, n\u00e3o aceita sequer a presen\u00e7a do PSDB partid\u00e1rio em suas manifesta\u00e7\u00f5es, das quais j\u00e1 expulsou A\u00e9cio e Alckmin, nem a do Presidente da FIESP \u2013 que foi cantar o hino nacional e por pouco n\u00e3o saiu tosquiado, ou melhor, pagando o pato;<\/p>\n<p>Nem a do \u201cl\u00edder\u201d dos Revoltados Online, que apesar de travestido de fascista, foi acusado de comunista e de \u201cestar a soldo do senador A\u00e9cio Neves\u201d porque tentou fazer um alerta \u00e0 turba de \u201chomens de bem\u201d e teve que sair sob prote\u00e7\u00e3o policial da Avenida Paulista;<\/p>\n<p>De onde o PMDB \u201crec\u00e9m-dissidente\u201d tirou a ideia, ou melhor \u2013 aos gritos de \u201cFora PT\u201d no Congresso &#8211; a ilus\u00e3o, de que seria tratado de forma diferente por aqueles que se convencionou chamar de \u201ccoxinhas\u201d, ou pelo judici\u00e1rio, ou pela \u201cimprensa\u201d, ap\u00f3s ficar mais de uma d\u00e9cada apoiando e participando da coaliz\u00e3o governista?<\/p>\n<p>Ser\u00e1 que esse partido n\u00e3o sabe que dificilmente o Vice-Presidente Michel Temer deixar\u00e1 de ser a bola da vez em uma longa fila de impeachments?<\/p>\n<p>Bom ou mau, o PT tinha um acordo com o PMDB. A imprensa, o Judici\u00e1rio, os &#8220;mercados&#8221; n\u00e3o tem nenhum.<\/p>\n<p>Ainda esta semana, em entrevista ao jornal Valor Econ\u00f4mico, o empres\u00e1rio Francisco Deusmar, dono da rede de farm\u00e1cias Pague Menos, com 830 lojas no pa\u00eds, disse que, em caso de impeachment,\u00a0 seria melhor que o Vice-Presidente da Rep\u00fablica n\u00e3o assumisse.&#8221;Tem que ser como no futebol &#8211; afirmou &#8211; o time est\u00e1 perdendo? Muda a Comiss\u00e3o T\u00e9cnica toda.<\/p>\n<p>E o ex-presidente do Banco Central Gustavo Loyola, lembrou que n\u00e3o d\u00e1 para saber que tipo de apoio teria um eventual governo Michel Temer.<\/p>\n<p>Se haver\u00e1 elei\u00e7\u00f5es daqui a seis meses, para que quebrar as regras do jogo?<\/p>\n<p>Para que romper a alian\u00e7a \u2013 mesmo que fr\u00e1gil \u2013 de uma coaliz\u00e3o j\u00e1 existente, para tentar, sem nenhuma garantia de \u00eaxito, se aliar subalternamente (pela press\u00e3o) a todo tipo de advers\u00e1rios, que n\u00e3o t\u00eam por voc\u00ea a menor simpatia ou respeito?<\/p>\n<p>O que \u00e9 melhor, atravessar o rio em conjunto com o grupo com que, ao menos aparentemente, se\u00a0\u00a0 estava enfrentando, at\u00e9 mesmo por imposi\u00e7\u00e3o do campo advers\u00e1rio, as mesmas vicissitudes e desafios?<\/p>\n<p>Ou substituir regras democr\u00e1ticas previs\u00edveis, peri\u00f3dicas, pelo imponder\u00e1vel \u201cpega pra capar\u201d de uma destrutiva briga de foice no escuro \u2013 e ser usado como boi de piranha para tirar as castanhas do fogo para sabe se l\u00e1 quem chegar ao poder, pisando por cima do seu pesco\u00e7o?<\/p>\n<p>Os ministros do PMDB que permaneceram no governo recusaram-se a queimar suas naves, como Agathocles nas praias de Cartago.<\/p>\n<p>Ao romper com Dilma, por sua vez, outro lado do PMDB lan\u00e7ou-se \u00e0 travessia \u2013 que promete ser longa e n\u00e3o isenta de desafios &#8211; de uma esp\u00e9cie de Rubic\u00e3o caboclo.<\/p>\n<p>E um terceiro grupo, nacionalista e legalista, tende a manter-se \u2013 provavelmente em defesa de suas respectivas biografias \u2013 por convic\u00e7\u00e3o, contra o impeachment.<\/p>\n<p>Esquecendo-se das conveni\u00eancias de curto prazo, que nem sempre s\u00e3o boas conselheiras, em Pol\u00edtica e na Hist\u00f3ria, por maiores sejam a pressa e as d\u00favidas eventuais, no lugar de ficar com o senso comum \u00e9 sempre melhor ficar com o bom senso.<\/p>\n<p>Sen\u00e3o, corre-se o risco de morrer como o escorpi\u00e3o que picou a r\u00e3 \u2013 que lhe dava carona &#8211; no meio do rio.<\/p>\n<p>O futuro dir\u00e1 se foi por estrat\u00e9gia, por \u201cnatureza\u201d (como fez o artr\u00f3pode da f\u00e1bula) ou estultice.<\/p>\n<!-- AddThis Advanced Settings generic via filter on the_content --><!-- AddThis Share Buttons generic via filter on the_content -->","protected":false},"excerpt":{"rendered":"<p>Dizem que, certa vez, querendo derrotar um advers\u00e1rio, um grupo de magos e de aspirantes a magos \u2013 entre eles havia numerosos aprendizes de feiticeiro \u2013 reuniu-se para construir uma criatura monstruosa, que pudesse destro\u00e7ar, impiedosamente, o inimigo. &#8211; Vamos fazer uma cauda longa e forte, coberta de espinhos &#8211; disse um deles. &#8211; E&#8230;<!-- AddThis Advanced Settings generic via filter on wp_trim_excerpt --><!-- AddThis Share Buttons generic via filter on wp_trim_excerpt --><\/p>\n","protected":false},"author":17,"featured_media":0,"comment_status":"closed","ping_status":"closed","sticky":false,"template":"","format":"standard","meta":{"_monsterinsights_skip_tracking":false,"_monsterinsights_sitenote_active":false,"_monsterinsights_sitenote_note":"","_monsterinsights_sitenote_category":0,"_uf_show_specific_survey":0,"_uf_disable_surveys":false,"footnotes":""},"categories":[1584],"tags":[],"class_list":["post-51869","post","type-post","status-publish","format-standard","hentry","category-artigos"],"acf":[],"_links":{"self":[{"href":"https:\/\/pdt-rj.org.br\/index.php\/wp-json\/wp\/v2\/posts\/51869","targetHints":{"allow":["GET"]}}],"collection":[{"href":"https:\/\/pdt-rj.org.br\/index.php\/wp-json\/wp\/v2\/posts"}],"about":[{"href":"https:\/\/pdt-rj.org.br\/index.php\/wp-json\/wp\/v2\/types\/post"}],"author":[{"embeddable":true,"href":"https:\/\/pdt-rj.org.br\/index.php\/wp-json\/wp\/v2\/users\/17"}],"replies":[{"embeddable":true,"href":"https:\/\/pdt-rj.org.br\/index.php\/wp-json\/wp\/v2\/comments?post=51869"}],"version-history":[{"count":1,"href":"https:\/\/pdt-rj.org.br\/index.php\/wp-json\/wp\/v2\/posts\/51869\/revisions"}],"predecessor-version":[{"id":52089,"href":"https:\/\/pdt-rj.org.br\/index.php\/wp-json\/wp\/v2\/posts\/51869\/revisions\/52089"}],"wp:attachment":[{"href":"https:\/\/pdt-rj.org.br\/index.php\/wp-json\/wp\/v2\/media?parent=51869"}],"wp:term":[{"taxonomy":"category","embeddable":true,"href":"https:\/\/pdt-rj.org.br\/index.php\/wp-json\/wp\/v2\/categories?post=51869"},{"taxonomy":"post_tag","embeddable":true,"href":"https:\/\/pdt-rj.org.br\/index.php\/wp-json\/wp\/v2\/tags?post=51869"}],"curies":[{"name":"wp","href":"https:\/\/api.w.org\/{rel}","templated":true}]}}