{"id":51635,"date":"2016-12-14T15:42:14","date_gmt":"2016-12-14T17:42:14","guid":{"rendered":"http:\/\/pdt-rj.org.br\/?p=51127"},"modified":"2017-10-26T09:07:21","modified_gmt":"2017-10-26T11:07:21","slug":"nota","status":"publish","type":"post","link":"https:\/\/pdt-rj.org.br\/index.php\/nota\/","title":{"rendered":"NOTA &#8211; Ciro Gomes"},"content":{"rendered":"<p>A aprova\u00e7\u00e3o da PEC 55 pelo Senado revoga a constitui\u00e7\u00e3o brasileira, joga nas costas do povo mais sofrido do Brasil a responsabilidade de arcar com a trag\u00e9dia pela qual passa nossa economia e satisfaz unicamente os interesses daqueles que lucram com os abusivos juros brasileiros.<\/p>\n<p>Notadamente, o Partido Democr\u00e1tico Trabalhista (PDT), atrav\u00e9s de sua dire\u00e7\u00e3o nacional e de seu presidente, Carlos Lupi, se colocou publicamente contra esta proposta de emenda \u00e0 constitui\u00e7\u00e3o e tem lutado de forma corajosa contra o governo golpista que tomou de assalto nosso pa\u00eds.<\/p>\n<p>Infelizmente, a bancada do PDT no Senado traiu a confian\u00e7a e a orienta\u00e7\u00e3o do partido e votou a favor desta criminosa emenda.<\/p>\n<p>Reafirmo aqui minha confian\u00e7a no presidente Carlos Lupi e na executiva nacional de nosso partido, que deliberar\u00e1 em breve sobre como reagir a esta posi\u00e7\u00e3o da bancada.<\/p>\n<p>O PDT tem uma hist\u00f3ria assentada no trabalhismo de Get\u00falio Vargas, Jo\u00e3o Goulart e Leonel Brizola que lutaram e contribu\u00edram para a conquista de in\u00fameros benef\u00edcios aos trabalhadores brasileiros. E \u00e9 com esta mem\u00f3ria e convic\u00e7\u00e3o que seguiremos lutando contra qualquer proposta que ataque os direitos do povo brasileiro.<\/p>\n<p>&nbsp;<\/p>\n<p style=\"text-align: center;\">Ciro Gomes<\/p>\n<!-- AddThis Advanced Settings generic via filter on the_content --><!-- AddThis Share Buttons generic via filter on the_content -->","protected":false},"excerpt":{"rendered":"<p>A aprova\u00e7\u00e3o da PEC 55 pelo Senado revoga a constitui\u00e7\u00e3o brasileira, joga nas costas do povo mais sofrido do Brasil a responsabilidade de arcar com a trag\u00e9dia pela qual passa nossa economia e satisfaz unicamente os interesses daqueles que lucram com os abusivos juros brasileiros. Notadamente, o Partido Democr\u00e1tico Trabalhista (PDT), atrav\u00e9s de sua dire\u00e7\u00e3o&#8230;<!-- AddThis Advanced Settings generic via filter on wp_trim_excerpt --><!-- AddThis Share Buttons generic via filter on wp_trim_excerpt --><\/p>\n","protected":false},"author":17,"featured_media":0,"comment_status":"open","ping_status":"open","sticky":false,"template":"","format":"standard","meta":{"_monsterinsights_skip_tracking":false,"_monsterinsights_sitenote_active":false,"_monsterinsights_sitenote_note":"","_monsterinsights_sitenote_category":0,"_uf_show_specific_survey":0,"_uf_disable_surveys":false,"footnotes":""},"categories":[1401,976],"tags":[196,220,1783,38,1780],"class_list":["post-51635","post","type-post","status-publish","format-standard","hentry","category-nacional","category-noticias-em-destaque","tag-carlos-lupi","tag-ciro-gomes","tag-governo-golpista","tag-pdt","tag-pec-55"],"acf":[],"_links":{"self":[{"href":"https:\/\/pdt-rj.org.br\/index.php\/wp-json\/wp\/v2\/posts\/51635","targetHints":{"allow":["GET"]}}],"collection":[{"href":"https:\/\/pdt-rj.org.br\/index.php\/wp-json\/wp\/v2\/posts"}],"about":[{"href":"https:\/\/pdt-rj.org.br\/index.php\/wp-json\/wp\/v2\/types\/post"}],"author":[{"embeddable":true,"href":"https:\/\/pdt-rj.org.br\/index.php\/wp-json\/wp\/v2\/users\/17"}],"replies":[{"embeddable":true,"href":"https:\/\/pdt-rj.org.br\/index.php\/wp-json\/wp\/v2\/comments?post=51635"}],"version-history":[{"count":1,"href":"https:\/\/pdt-rj.org.br\/index.php\/wp-json\/wp\/v2\/posts\/51635\/revisions"}],"predecessor-version":[{"id":56113,"href":"https:\/\/pdt-rj.org.br\/index.php\/wp-json\/wp\/v2\/posts\/51635\/revisions\/56113"}],"wp:attachment":[{"href":"https:\/\/pdt-rj.org.br\/index.php\/wp-json\/wp\/v2\/media?parent=51635"}],"wp:term":[{"taxonomy":"category","embeddable":true,"href":"https:\/\/pdt-rj.org.br\/index.php\/wp-json\/wp\/v2\/categories?post=51635"},{"taxonomy":"post_tag","embeddable":true,"href":"https:\/\/pdt-rj.org.br\/index.php\/wp-json\/wp\/v2\/tags?post=51635"}],"curies":[{"name":"wp","href":"https:\/\/api.w.org\/{rel}","templated":true}]}}