{"id":51627,"date":"2016-12-09T14:24:53","date_gmt":"2016-12-09T16:24:53","guid":{"rendered":"http:\/\/pdt-rj.org.br\/?p=51025"},"modified":"2017-10-26T09:07:22","modified_gmt":"2017-10-26T11:07:22","slug":"sossella-comemora-inclusao-de-tres-emendas-de-sua-autoria-no-orcamento-2017","status":"publish","type":"post","link":"https:\/\/pdt-rj.org.br\/index.php\/sossella-comemora-inclusao-de-tres-emendas-de-sua-autoria-no-orcamento-2017\/","title":{"rendered":"Tr\u00eas emendas do deputado estadual Gilmar Sossella s\u00e3o inclu\u00eddas no Or\u00e7amento 2017"},"content":{"rendered":"<div id=\"yui_3_16_0_ym19_1_1481294412709_312735\" class=\"body undoreset\" tabindex=\"0\">\n<div id=\"yui_3_16_0_ym19_1_1481294412709_312734\" class=\"email-wrapped\">\n<div id=\"yiv2265703069\">\n<div id=\"yui_3_16_0_ym19_1_1481294412709_312733\" dir=\"ltr\">\n<div id=\"yui_3_16_0_ym19_1_1481294412709_312732\" class=\"yiv2265703069gmail_quote\">\n<div id=\"yui_3_16_0_ym19_1_1481294412709_312731\" dir=\"ltr\">\n<p id=\"yui_3_16_0_ym19_1_1481294412709_312746\" class=\"yiv2265703069MsoNormal\"><img loading=\"lazy\" decoding=\"async\" class=\"alignnone size-medium wp-image-51026 alignright\" src=\"http:\/\/pdt-rj.org.br\/wp-content\/uploads\/2016\/12\/Gilmar-Sossella_orcamento_tribuna_MarceloBertani_Agencia_ALRS-300x200.jpg\" alt=\"Gilmar Sossella_orcamento_tribuna_MarceloBertani_Agencia_ALRS\" width=\"300\" height=\"200\" \/>O deputado estadual <a href=\"http:\/\/Gilmar Sossella\">Gilmar Sossella<\/a> (PDT-RS) comemorou a inclus\u00e3o de tr\u00eas emendas no Or\u00e7amento 2017 aprovado pela <a href=\"http:\/\/www.al.rs.gov.br\/site\/\">Assembleia Legislativa de Porto Alegre<\/a> (RS). \u201cS\u00e3o tr\u00eas importantes pleitos que foram solicitados por comunidades do nosso estado e que, a partir disso, ter\u00e3o recursos disponibilizados no pr\u00f3ximo ano para que sejam atendidos\u201d, explica o parlamentar.<\/p>\n<p id=\"yui_3_16_0_ym19_1_1481294412709_312730\" class=\"yiv2265703069MsoNormal\">Duas das emendas dizem respeito \u00e0 \u00e1rea de infraestrutura, uma das bandeiras do parlamentar. A primeira \u00e9 destinada \u00e0 conclus\u00e3o do projeto de asfaltamento da RS-430, entre Tapejara e Charrua. O trecho faz parte da rodovia Norte-Serra, uma rota alternativa entre Get\u00falio Vargas e a ERS-324 (Casca), passando por Charrua, Tapejara, \u00c1gua Santa, Gentil e Santo Ant\u00f4nio do Palma. O acesso facilitaria o deslocamento da produ\u00e7\u00e3o e dos usu\u00e1rios do Norte e Noroeste at\u00e9 a regi\u00e3o metropolitana.<\/p>\n<p id=\"yui_3_16_0_ym19_1_1481294412709_312769\" class=\"yiv2265703069MsoNormal\">A outra demanda na \u00e1rea de infraestrutura \u00e9 para a conclus\u00e3o da pavimenta\u00e7\u00e3o da ERS-491, que liga Marcelino Ramos at\u00e9 a BR-153. A obra, no valor de R$ 13,5 milh\u00f5es, prev\u00ea a execu\u00e7\u00e3o do segundo trecho da rodovia, que engloba 9 km entre a ponte Teixeira Soares e a ponte sobre o Rio Suzana.<\/p>\n<p id=\"yui_3_16_0_ym19_1_1481294412709_312773\" class=\"yiv2265703069MsoNormal\">O primeiro trecho da RS-491, que engloba a pavimenta\u00e7\u00e3o de 5,4 km pela Concisa Pavimenta\u00e7\u00e3o e Terraplanagem Ltda., est\u00e1 praticamente conclu\u00eddo. O servi\u00e7o tamb\u00e9m est\u00e1 sendo executado gra\u00e7as a uma Emenda Popular aprovada para o Or\u00e7amento Estadual de 2012, que contou com a atua\u00e7\u00e3o direta de Sossella. Ainda ficar\u00e3o pendentes 7,5 km para serem asfaltados em um terceiro momento.<\/p>\n<p id=\"yui_3_16_0_ym19_1_1481294412709_312778\" class=\"yiv2265703069MsoNormal\"><b id=\"yui_3_16_0_ym19_1_1481294412709_312777\">Dourado e Surubim<\/b><\/p>\n<p class=\"yiv2265703069MsoNormal\">A terceira emenda apresentada por Sossella foi feita em conjunto com o deputado Adolfo Brito (PP), por meio da Comiss\u00e3o de Agricultura, Pecu\u00e1ria e Cooperativismo da Assembleia. Trata-se da solicita\u00e7\u00e3o de recursos que permitam a continuidade de a\u00e7\u00f5es iniciadas pelo Grupo de Trabalho da Pesca, coordenado por Sossella.<\/p>\n<p id=\"yui_3_16_0_ym19_1_1481294412709_312792\" class=\"yiv2265703069MsoNormal\">\u201cCom isso possibilitaremos que seja feito um estudo para que se construam pol\u00edticas de Estado para a gest\u00e3o pesqueira com resolutividade, efic\u00e1cia e monitoramento\u201d, destacou o deputado.<\/p>\n<p id=\"yui_3_16_0_ym19_1_1481294412709_312796\" class=\"yiv2265703069MsoNormal\">De acordo com ele, isso ser\u00e1 feito junto ao Conselho Ga\u00facho de Aquicultura e Pesca Sustent\u00e1vel (Congapes), ligado \u00e0 SDR, que tem a fun\u00e7\u00e3o de elaborar, construir e elaborar o ordenamento para o setor pesqueiro.<\/p>\n<\/div>\n<\/div>\n<\/div>\n<\/div>\n<\/div>\n<\/div>\n<!-- AddThis Advanced Settings generic via filter on the_content --><!-- AddThis Share Buttons generic via filter on the_content -->","protected":false},"excerpt":{"rendered":"<p>O deputado estadual Gilmar Sossella (PDT-RS) comemorou a inclus\u00e3o de tr\u00eas emendas no Or\u00e7amento 2017 aprovado pela Assembleia Legislativa de Porto Alegre (RS). \u201cS\u00e3o tr\u00eas importantes pleitos que foram solicitados por comunidades do nosso estado e que, a partir disso, ter\u00e3o recursos disponibilizados no pr\u00f3ximo ano para que sejam atendidos\u201d, explica o parlamentar. Duas das&#8230;<!-- AddThis Advanced Settings generic via filter on wp_trim_excerpt --><!-- AddThis Share Buttons generic via filter on wp_trim_excerpt --><\/p>\n","protected":false},"author":17,"featured_media":0,"comment_status":"open","ping_status":"open","sticky":false,"template":"","format":"standard","meta":{"_monsterinsights_skip_tracking":false,"_monsterinsights_sitenote_active":false,"_monsterinsights_sitenote_note":"","_monsterinsights_sitenote_category":0,"_uf_show_specific_survey":0,"_uf_disable_surveys":false,"footnotes":""},"categories":[976],"tags":[1762,1763,1173,1764,494,1765,38,1439],"class_list":["post-51627","post","type-post","status-publish","format-standard","hentry","category-noticias-em-destaque","tag-congapes","tag-conselho-gaucho-de-aquicultura-e-pesca-sustentavel","tag-gilmar-sossella","tag-grupo-de-trabalho-da-pesca","tag-infraestrutura","tag-orcamento-2017","tag-pdt","tag-porto-alegre-rs"],"acf":[],"_links":{"self":[{"href":"https:\/\/pdt-rj.org.br\/index.php\/wp-json\/wp\/v2\/posts\/51627","targetHints":{"allow":["GET"]}}],"collection":[{"href":"https:\/\/pdt-rj.org.br\/index.php\/wp-json\/wp\/v2\/posts"}],"about":[{"href":"https:\/\/pdt-rj.org.br\/index.php\/wp-json\/wp\/v2\/types\/post"}],"author":[{"embeddable":true,"href":"https:\/\/pdt-rj.org.br\/index.php\/wp-json\/wp\/v2\/users\/17"}],"replies":[{"embeddable":true,"href":"https:\/\/pdt-rj.org.br\/index.php\/wp-json\/wp\/v2\/comments?post=51627"}],"version-history":[{"count":1,"href":"https:\/\/pdt-rj.org.br\/index.php\/wp-json\/wp\/v2\/posts\/51627\/revisions"}],"predecessor-version":[{"id":56119,"href":"https:\/\/pdt-rj.org.br\/index.php\/wp-json\/wp\/v2\/posts\/51627\/revisions\/56119"}],"wp:attachment":[{"href":"https:\/\/pdt-rj.org.br\/index.php\/wp-json\/wp\/v2\/media?parent=51627"}],"wp:term":[{"taxonomy":"category","embeddable":true,"href":"https:\/\/pdt-rj.org.br\/index.php\/wp-json\/wp\/v2\/categories?post=51627"},{"taxonomy":"post_tag","embeddable":true,"href":"https:\/\/pdt-rj.org.br\/index.php\/wp-json\/wp\/v2\/tags?post=51627"}],"curies":[{"name":"wp","href":"https:\/\/api.w.org\/{rel}","templated":true}]}}