{"id":51625,"date":"2016-12-09T13:54:42","date_gmt":"2016-12-09T15:54:42","guid":{"rendered":"http:\/\/pdt-rj.org.br\/?p=51017"},"modified":"2017-10-26T09:07:23","modified_gmt":"2017-10-26T11:07:23","slug":"andre-figueiredo-defende-a-importancia-da-protecao-de-dados-pessoais-no-pais","status":"publish","type":"post","link":"https:\/\/pdt-rj.org.br\/index.php\/andre-figueiredo-defende-a-importancia-da-protecao-de-dados-pessoais-no-pais\/","title":{"rendered":"Andr\u00e9 Figueiredo defende a import\u00e2ncia da prote\u00e7\u00e3o de dados pessoais no Pa\u00eds"},"content":{"rendered":"<p><img loading=\"lazy\" decoding=\"async\" class=\"alignnone size-medium wp-image-51018 alignright\" src=\"http:\/\/pdt-rj.org.br\/wp-content\/uploads\/2016\/12\/Andr\u00e9-Figueiredo-defendeu-a-import\u00e2ncia-da-preserva\u00e7\u00e3o-do-cidad\u00e3o-no-meio-digital-300x225.jpg\" alt=\"Andr\u00e9 Figueiredo defendeu a import\u00e2ncia da preserva\u00e7\u00e3o do cidad\u00e3o no meio digital\" width=\"300\" height=\"225\" \/>Na Lideran\u00e7a do PDT na C\u00e2mara, em Bras\u00edlia, o deputado federal, <a href=\"https:\/\/www.facebook.com\/DeputadoAndreFigueiredo\/?fref=ts\">Andr\u00e9 Figueiredo<\/a> (PDT-CE), recebeu\u00a0nessa quinta-feira\u00a0(8), membros da Comiss\u00e3o Especial sobre o Projeto de Lei 4060\/2012, que disp\u00f5e sobre o tratamento e a prote\u00e7\u00e3o de dados pessoais no Pa\u00eds, para estruturar o planejamento de trabalho para 2017.<span class=\"yiv7859065553m_-8017158280930640215Apple-converted-space yiv7859065553gmail_msg\">\u00a0<\/span><\/p>\n<p id=\"yui_3_16_0_ym19_1_1481294412709_184423\" class=\"yiv7859065553m_-8017158280930640215p2 yiv7859065553gmail_msg\">Ao lado da presidente e do relator da Comiss\u00e3o, Bruna Furlan (PSDB-SP) e Orlando Silva (PC do B-SP), respectivamente, o parlamentar cearense, que \u00e9 vice-presidente do colegiado, avaliou, em conjunto, propostas de a\u00e7\u00f5es que estimulem a troca de informa\u00e7\u00f5es sobre as boas pr\u00e1ticas existentes pelo mundo, al\u00e9m de estruturar eventos para debater junto com a sociedade, o governo, o mercado e os acad\u00eamicos.<span class=\"yiv7859065553m_-8017158280930640215Apple-converted-space yiv7859065553gmail_msg\">\u00a0<\/span><\/p>\n<p id=\"yui_3_16_0_ym19_1_1481294412709_184425\" class=\"yiv7859065553m_-8017158280930640215p2 yiv7859065553gmail_msg\">&#8220;Estamos dedicados para buscar solu\u00e7\u00f5es que garantam a seguran\u00e7a dos dados de todos os cidad\u00e3os, pois \u00e9 um direito. A popula\u00e7\u00e3o precisa ter consci\u00eancia da import\u00e2ncia de preservar suas informa\u00e7\u00f5es pessoais, pois o mundo digital deve ser um ambiente regulamentado em qualquer plataforma, tanto online, quanto offline&#8221;, defendeu Andr\u00e9 Figueiredo, junto do deputado Milton Monti (PR-SP), que \u00e9 o autor do projeto analisado.<span class=\"yiv7859065553m_-8017158280930640215Apple-converted-space yiv7859065553gmail_msg\">\u00a0<\/span><\/p>\n<!-- AddThis Advanced Settings generic via filter on the_content --><!-- AddThis Share Buttons generic via filter on the_content -->","protected":false},"excerpt":{"rendered":"<p>Na Lideran\u00e7a do PDT na C\u00e2mara, em Bras\u00edlia, o deputado federal, Andr\u00e9 Figueiredo (PDT-CE), recebeu\u00a0nessa quinta-feira\u00a0(8), membros da Comiss\u00e3o Especial sobre o Projeto de Lei 4060\/2012, que disp\u00f5e sobre o tratamento e a prote\u00e7\u00e3o de dados pessoais no Pa\u00eds, para estruturar o planejamento de trabalho para 2017.\u00a0 Ao lado da presidente e do relator da&#8230;<!-- AddThis Advanced Settings generic via filter on wp_trim_excerpt --><!-- AddThis Share Buttons generic via filter on wp_trim_excerpt --><\/p>\n","protected":false},"author":17,"featured_media":0,"comment_status":"open","ping_status":"open","sticky":false,"template":"","format":"standard","meta":{"_monsterinsights_skip_tracking":false,"_monsterinsights_sitenote_active":false,"_monsterinsights_sitenote_note":"","_monsterinsights_sitenote_category":0,"_uf_show_specific_survey":0,"_uf_disable_surveys":false,"footnotes":""},"categories":[1459,976],"tags":[1498,38,1687],"class_list":["post-51625","post","type-post","status-publish","format-standard","hentry","category-congresso","category-noticias-em-destaque","tag-comissao-especial","tag-pdt","tag-protecao-de-dados-pessoais"],"acf":[],"_links":{"self":[{"href":"https:\/\/pdt-rj.org.br\/index.php\/wp-json\/wp\/v2\/posts\/51625","targetHints":{"allow":["GET"]}}],"collection":[{"href":"https:\/\/pdt-rj.org.br\/index.php\/wp-json\/wp\/v2\/posts"}],"about":[{"href":"https:\/\/pdt-rj.org.br\/index.php\/wp-json\/wp\/v2\/types\/post"}],"author":[{"embeddable":true,"href":"https:\/\/pdt-rj.org.br\/index.php\/wp-json\/wp\/v2\/users\/17"}],"replies":[{"embeddable":true,"href":"https:\/\/pdt-rj.org.br\/index.php\/wp-json\/wp\/v2\/comments?post=51625"}],"version-history":[{"count":1,"href":"https:\/\/pdt-rj.org.br\/index.php\/wp-json\/wp\/v2\/posts\/51625\/revisions"}],"predecessor-version":[{"id":56120,"href":"https:\/\/pdt-rj.org.br\/index.php\/wp-json\/wp\/v2\/posts\/51625\/revisions\/56120"}],"wp:attachment":[{"href":"https:\/\/pdt-rj.org.br\/index.php\/wp-json\/wp\/v2\/media?parent=51625"}],"wp:term":[{"taxonomy":"category","embeddable":true,"href":"https:\/\/pdt-rj.org.br\/index.php\/wp-json\/wp\/v2\/categories?post=51625"},{"taxonomy":"post_tag","embeddable":true,"href":"https:\/\/pdt-rj.org.br\/index.php\/wp-json\/wp\/v2\/tags?post=51625"}],"curies":[{"name":"wp","href":"https:\/\/api.w.org\/{rel}","templated":true}]}}