{"id":51620,"date":"2016-12-05T20:19:50","date_gmt":"2016-12-05T22:19:50","guid":{"rendered":"http:\/\/pdt-rj.org.br\/?p=50952"},"modified":"2017-10-26T09:07:23","modified_gmt":"2017-10-26T11:07:23","slug":"filho-de-joao-goulart-lanca-livro-com-fatos-da-vida-do-ex-presidente-no-exilio","status":"publish","type":"post","link":"https:\/\/pdt-rj.org.br\/index.php\/filho-de-joao-goulart-lanca-livro-com-fatos-da-vida-do-ex-presidente-no-exilio\/","title":{"rendered":"Filho de Jango lan\u00e7a livro com fatos da vida do ex-presidente no ex\u00edlio"},"content":{"rendered":"<div id=\"yiv6218742605yui_3_16_0_ym19_1_1480974428945_3621\" style=\"text-align: left;\" align=\"center\">O Golpe de 1964 atrav\u00e9s dos olhos, sentimentos e inquieta\u00e7\u00f5es de uma crian\u00e7a de sete anos.\u00a0 E n\u00e3o de uma crian\u00e7a qualquer, mas do filho do ex-presidente <a href=\"http:\/\/pdt-rj.org.br\/index.php\/40-anos-sem-joao-goulart-e-o-pais-na-mesma-roda-vida-de-1964\/\">Jo\u00e3o Belchior Marques Goulart<\/a>, o Jango, que, no dia 4 de abril daquele ano, foi obrigado a deixar o Brasil para morrer no ex\u00edlio.<\/div>\n<div id=\"yiv6218742605yui_3_16_0_ym19_1_1480974428945_3624\">\u00a0<\/div>\n<div id=\"yiv6218742605yui_3_16_0_ym19_1_1480974428945_3625\">Cinquenta anos depois do golpe que manchou a hist\u00f3ria do Brasil e 40 anos ap\u00f3s a morte de Jo\u00e3o Goulart , <a href=\"https:\/\/www.facebook.com\/joaovicente.goulart.1?fref=ts\">Jo\u00e3o Vicente Goulart<\/a> lan\u00e7a o livro \u201cJango e eu \u2013 Mem\u00f3rias sem volta de um ex\u00edlio\u201d, no qual relata a sua rela\u00e7\u00e3o com o pai durante o seu crescimento e longe de suas ra\u00edzes por 12 anos (de 1964 a 1976).<\/div>\n<div id=\"yiv6218742605yui_3_16_0_ym19_1_1480974428945_3625\">\u00a0<\/div>\n<div id=\"yiv6218742605yui_3_16_0_ym19_1_1480974428945_3626\">Ao longo das 350 p\u00e1ginas da obra, Jo\u00e3o Vicente relembra suas dores, aprendizados, supera\u00e7\u00f5es e adapta\u00e7\u00f5es, ao mesmo tempo em que apresenta para o leitor um Jango inimagin\u00e1vel por aqueles que, no Brasil, sofriam com a aus\u00eancia da democracia. Desde o embarque para o Uruguai, pa\u00eds que acolheu sua fam\u00edlia, ele fala do cotidiano com o pai, da saudade de sua terra natal, da resist\u00eancia e do sonho de um dia todos voltarem para o Brasil.<\/div>\n<div id=\"yiv6218742605yui_3_16_0_ym19_1_1480974428945_3626\">\u00a0<\/div>\n<div id=\"yiv6218742605yui_3_16_0_ym19_1_1480974428945_3627\" dir=\"ltr\">E sob essa perspectiva, ele deixa sua vers\u00e3o dos fatos, acerca de um Jo\u00e3o Goulart que, no Brasil, foi criticado tanto por quem acreditava que ele n\u00e3o reagiu ao golpe quando pelos que o acusavam de ter sido radical na tentativa de retomar o poder. J\u00e1 para os uruguaios, segundo Jo\u00e3o Vicente, Jango era um comunista subversivo.<\/div>\n<div id=\"yiv6218742605yui_3_16_0_ym19_1_1480974428945_3627\" dir=\"ltr\">\u00a0<\/div>\n<div id=\"yiv6218742605yui_3_16_0_ym19_1_1480974428945_3629\">\u201cSempre achei que a palavra subversivo se moldava mais aos que subverteram a Constitui\u00e7\u00e3o, violando-a, desrespeitando-a, manipulando-a, rasgando seus preceitos na base da bala, dos tanques e da prepot\u00eancia. Jango sabia disso e fez do tempo e de sua morte no ex\u00edlio um exemplo de resist\u00eancia constitucional. Ele caiu de p\u00e9. E tinha certeza que a hist\u00f3ria estaria ao seu lado\u201d, declara Jo\u00e3o Vicente.<\/div>\n<div>\u00a0<\/div>\n<div><strong>Sobre o autor<\/strong><\/div>\n<div>\n<p>Jo\u00e3o Vicente Goulart \u00e9 fundador e presidente do Instituto Presidente Jo\u00e3o Goulart. Foi deputado estadual (1982-1986) e integrou o Conselho de Acompanhamento da Sociedade Civil, da Comiss\u00e3o de Anistia do Minist\u00e9rio da Justi\u00e7a. Em 1998 assumiu a presid\u00eancia do instituto de Terras do Rio de Janeiro (Interj), a convite do ent\u00e3o governador Leonel Brizola. Em 2000, assumiu a Subsecretaria de Agricultura, no estado do Rio de Janeiro, implantando o Banco da Terra, do qual foi presidente.<\/p>\n<\/div>\n<div id=\"yiv6218742605yui_3_16_0_ym19_1_1480974428945_3630\">\u00a0<\/div>\n<div id=\"yiv6218742605yui_3_16_0_ym19_1_1480974428945_3632\"><b id=\"yiv6218742605yui_3_16_0_ym19_1_1480974428945_3633\"><i id=\"yiv6218742605yui_3_16_0_ym19_1_1480974428945_3634\"><span id=\"yiv6218742605yui_3_16_0_ym19_1_1480974428945_3635\">\u201cJango e eu \u2013 Mem\u00f3rias sem volta de um ex\u00edlio\u201d<\/span><\/i><\/b><\/div>\n<div>\u00a0<\/div>\n<div id=\"yiv6218742605yui_3_16_0_ym19_1_1480974428945_3637\"><b id=\"yiv6218742605yui_3_16_0_ym19_1_1480974428945_3638\">Lan\u00e7amentos<\/b><\/div>\n<div>\u00a0<\/div>\n<div id=\"yiv6218742605yui_3_16_0_ym19_1_1480974428945_3640\">7 de dezembro: <b id=\"yiv6218742605yui_3_16_0_ym19_1_1480974428945_3641\">Bras\u00edlia<\/b> \u2013 Livraria Cultura do Casa Park, \u00e0s 19h.<\/div>\n<div id=\"yiv6218742605yui_3_16_0_ym19_1_1480974428945_3642\">9 de dezembro: <b id=\"yiv6218742605yui_3_16_0_ym19_1_1480974428945_3643\">Rio de Janeiro<\/b> \u2013 Livraria Travessa do Leblon, \u00e0s 19h.<\/div>\n<div id=\"yiv6218742605yui_3_16_0_ym19_1_1480974428945_3644\">13 de dezembro: <b id=\"yiv6218742605yui_3_16_0_ym19_1_1480974428945_3645\">Florian\u00f3polis (SC)<\/b> \u2013 Livraria Livros e Livros, \u00e0s 17h.<\/div>\n<div id=\"yiv6218742605yui_3_16_0_ym19_1_1480974428945_3646\">19 de dezembro: <b id=\"yiv6218742605yui_3_16_0_ym19_1_1480974428945_3647\">S\u00e3o Paulo<\/b> <b id=\"yiv6218742605yui_3_16_0_ym19_1_1480974428945_3648\">(SP)<\/b> \u2013 Livraria da Vila Fradique Coutinho, \u00e0s 19h.<\/div>\n<div id=\"yiv6218742605yui_3_16_0_ym19_1_1480974428945_3649\">10 de janeiro: <b id=\"yiv6218742605yui_3_16_0_ym19_1_1480974428945_3650\">Porto<\/b> <b id=\"yiv6218742605yui_3_16_0_ym19_1_1480974428945_3651\">Alegre (RS)<\/b> \u2013 Livraria Cultura do Bourbon, \u00e0 19h.<\/div>\n<!-- AddThis Advanced Settings generic via filter on the_content --><!-- AddThis Share Buttons generic via filter on the_content -->","protected":false},"excerpt":{"rendered":"<p>O Golpe de 1964 atrav\u00e9s dos olhos, sentimentos e inquieta\u00e7\u00f5es de uma crian\u00e7a de sete anos.\u00a0 E n\u00e3o de uma crian\u00e7a qualquer, mas do filho do ex-presidente Jo\u00e3o Belchior Marques Goulart, o Jango, que, no dia 4 de abril daquele ano, foi obrigado a deixar o Brasil para morrer no ex\u00edlio. \u00a0 Cinquenta anos depois&#8230;<!-- AddThis Advanced Settings generic via filter on wp_trim_excerpt --><!-- AddThis Share Buttons generic via filter on wp_trim_excerpt --><\/p>\n","protected":false},"author":17,"featured_media":51600,"comment_status":"open","ping_status":"open","sticky":false,"template":"","format":"standard","meta":{"_monsterinsights_skip_tracking":false,"_monsterinsights_sitenote_active":false,"_monsterinsights_sitenote_note":"","_monsterinsights_sitenote_category":0,"_uf_show_specific_survey":0,"_uf_disable_surveys":false,"footnotes":""},"categories":[1401,976],"tags":[287,1742,1743,1744,514,1745,565,1746],"class_list":["post-51620","post","type-post","status-publish","format-standard","has-post-thumbnail","hentry","category-nacional","category-noticias-em-destaque","tag-democracia","tag-golpe-de-1964","tag-instituto-presidente-joao-goulart","tag-jango-e-eu-memorias-sem-volta-de-um-exilio","tag-joao-goulart","tag-joao-vicente-goulart","tag-leonel-brizola","tag-livro"],"acf":[],"_links":{"self":[{"href":"https:\/\/pdt-rj.org.br\/index.php\/wp-json\/wp\/v2\/posts\/51620","targetHints":{"allow":["GET"]}}],"collection":[{"href":"https:\/\/pdt-rj.org.br\/index.php\/wp-json\/wp\/v2\/posts"}],"about":[{"href":"https:\/\/pdt-rj.org.br\/index.php\/wp-json\/wp\/v2\/types\/post"}],"author":[{"embeddable":true,"href":"https:\/\/pdt-rj.org.br\/index.php\/wp-json\/wp\/v2\/users\/17"}],"replies":[{"embeddable":true,"href":"https:\/\/pdt-rj.org.br\/index.php\/wp-json\/wp\/v2\/comments?post=51620"}],"version-history":[{"count":1,"href":"https:\/\/pdt-rj.org.br\/index.php\/wp-json\/wp\/v2\/posts\/51620\/revisions"}],"predecessor-version":[{"id":56125,"href":"https:\/\/pdt-rj.org.br\/index.php\/wp-json\/wp\/v2\/posts\/51620\/revisions\/56125"}],"wp:featuredmedia":[{"embeddable":true,"href":"https:\/\/pdt-rj.org.br\/index.php\/wp-json\/wp\/v2\/media\/51600"}],"wp:attachment":[{"href":"https:\/\/pdt-rj.org.br\/index.php\/wp-json\/wp\/v2\/media?parent=51620"}],"wp:term":[{"taxonomy":"category","embeddable":true,"href":"https:\/\/pdt-rj.org.br\/index.php\/wp-json\/wp\/v2\/categories?post=51620"},{"taxonomy":"post_tag","embeddable":true,"href":"https:\/\/pdt-rj.org.br\/index.php\/wp-json\/wp\/v2\/tags?post=51620"}],"curies":[{"name":"wp","href":"https:\/\/api.w.org\/{rel}","templated":true}]}}