{"id":51618,"date":"2016-12-02T16:36:34","date_gmt":"2016-12-02T18:36:34","guid":{"rendered":"http:\/\/pdt-rj.org.br\/?p=50924"},"modified":"2017-01-24T11:41:03","modified_gmt":"2017-01-24T13:41:03","slug":"mapi-elege-nova-direcao-e-debate-reforma-politica","status":"publish","type":"post","link":"https:\/\/pdt-rj.org.br\/index.php\/mapi-elege-nova-direcao-e-debate-reforma-politica\/","title":{"rendered":"Mapi elege nova Executiva e debate Reforma Pol\u00edtica"},"content":{"rendered":"<p>O Movimento de Aposentados, Pensionistas e Idosos do PDT (Mapi) elegeu sua dire\u00e7\u00e3o para os pr\u00f3ximos dois anos durante a sua Conven\u00e7\u00e3o Nacional, realizada nessa segunda-feira (28), na Funda\u00e7\u00e3o Alberto Pasqualini \u2013 Leonel Brizola, Rio de Janeiro. Na ocasi\u00e3o, o deputado federal <a href=\"https:\/\/www.facebook.com\/AfonsoMottaOpina\/?fref=ts\">Afonso Motta<\/a> (RS), eleito membro do Conselho Pol\u00edtico do Movimento, proferiu uma palestra sobre a Reforma Pol\u00edtica, em curso no Congresso Nacional em Comiss\u00e3o na qual o parlamentar \u00e9 o representante da Bancada pedetista.<\/p>\n<p>De acordo com a presidente reeleita por aclama\u00e7\u00e3o, <a href=\"https:\/\/www.facebook.com\/mariajose.kwamme.1?fref=ts\">Maria Jos\u00e9 Latg\u00e9<\/a>, a nova diretoria do Mapi atuar\u00e1 \u201ccom dedica\u00e7\u00e3o total \u00e0s tarefas do PDT, que vai culminar com a campanha para a Presid\u00eancia da Rep\u00fablica, em 2018\u201d.<\/p>\n<p>Na ocasi\u00e3o, o Movimento tamb\u00e9m prestou homenagem p\u00f3stuma a dois grandes latino-americanos, falecidos nesta \u00faltima semana: Fidel Castro, l\u00edder de uma revolu\u00e7\u00e3o que se tornou s\u00edmbolo das lutas de liberta\u00e7\u00e3o americanas e africanas, e Modesto da Silveira que, na opini\u00e3o do Movimento, foi o mais destemido dos advogados de presos pol\u00edticos brasileiros.<\/p>\n<p>Na ocasi\u00e3o, o presidente nacional do PDT, Carlos Lupi, enfatizou a import\u00e2ncia de todos os movimentos do PDT na prepara\u00e7\u00e3o dos militantes para a elei\u00e7\u00e3o presidencial, que ganha import\u00e2ncia em raz\u00e3o da gravidade do momento pol\u00edtico brasileiro, em que o preceito constitucional de que o cidad\u00e3o \u00e9 inocente at\u00e9 que se prove o contr\u00e1rio est\u00e1 sendo invertido para \u201cN\u00f3s temos que provar que somos inocentes\u201d.<\/p>\n<p>Sobre o Mapi, Lupi entende que, \u201cneste quadro da pol\u00edtica brasileira em que a gente est\u00e1 vivendo, nada \u00e9 mais importante do que a mobiliza\u00e7\u00e3o da nossa melhor idade; porque, hoje, todas as mazelas da fal\u00eancia de gest\u00e3o da nossa economia s\u00e3o colocadas conta dos aposentados, dos pensionistas\u201d.<\/p>\n<p>O presidente do PDT destacou, ainda, a necessidade de se lutar, sem tr\u00e9gua, pelo respeito aos funcion\u00e1rios p\u00fablicos \u2013 uma das causas p\u00e9treas pedetistas \u2013, al\u00e9m de educa\u00e7\u00e3o, sa\u00fade e defesa dos direitos trabalhistas, que &#8220;est\u00e3o sendo vilipendiados pelo governo federal e estaduais&#8221;.<\/p>\n<p>Para Afonso Motta, a conjuntura nacional \u00e9 adversa, por conta de um clima geral em que se privilegia a antipol\u00edtica. Ele explicou que um dos desafios a serem enfrentados nesta reforma \u00e9 a fragmenta\u00e7\u00e3o dos partidos pol\u00edticos \u2013 muitos deles sem constitui\u00e7\u00e3o program\u00e1tica, que d\u00e3o sustenta\u00e7\u00e3o \u00e0s conhecidas bancadas \u2013 cujos interesses n\u00e3o s\u00e3o exclusivamente pol\u00edticos, conhecidas, internamente, como: da bala, da b\u00edblia e do boi.<\/p>\n<p><strong>Get\u00falio Vargas<\/strong><br \/>\nNa oportunidade, o jornalista e escritor Jos\u00e9 Augusto Ribeiro, membro eleito para o Conselho Pol\u00edtico do Mapi, e autor da trilogia \u201cEra Vargas\u201d, falou sobre o eBook Kindle, rec\u00e9m-lan\u00e7ado pela Amazon, intitulado \u201cGet\u00falio Vargas \u2013 A saga da Petrobr\u00e1s\u201d, em que discute toda a luta do maior s\u00edmbolo do Trabalhismo brasileiro, que culminou com seu suic\u00eddio, para a cria\u00e7\u00e3o da Petrobras.<\/p>\n<p>O escritor pertencente \u00e0 galeria de presidentes de honra do Mapi, assim como Leonel Brizola, dona Neusa Brizola e Darcy Ribeiro (In memoriam); al\u00e9m de professor Francisco Loureiro e Ney Ortiz Borges \u2013 convidou todos os companheiros pedetistas a participarem de sua palestra, na pr\u00f3xima segunda-feira (5\/12), \u00e0s 19 h, na Blooks Livraria (Botafogo Praia Shopping \u2013 Praia de Botafogo, 316 &#8211; Loja D).<\/p>\n<p>&nbsp;<\/p>\n<p><strong>Confira abaixo a nova composi\u00e7\u00e3o da Executiva Nacional e do Diret\u00f3rio Nacional do Mapi.<\/strong><\/p>\n<p><a href=\"http:\/\/pdt-rj.org.br\/wp-content\/uploads\/2016\/12\/Mapi-Executiva-Nacional-28-novembro-de-2016.pdf\">Mapi -Executiva Nacional &#8211; 28 novembro de 2016<\/a><\/p>\n<p><a href=\"http:\/\/pdt-rj.org.br\/wp-content\/uploads\/2016\/12\/Mapi-Diret\u00f3rio-Nacional-28-de-novembro-de-2016.pdf\">Mapi -Diret\u00f3rio Nacional &#8211; 28 de novembro de 2016<\/a><\/p>\n<!-- AddThis Advanced Settings generic via filter on the_content --><!-- AddThis Share Buttons generic via filter on the_content -->","protected":false},"excerpt":{"rendered":"<p>O Movimento de Aposentados, Pensionistas e Idosos do PDT (Mapi) elegeu sua dire\u00e7\u00e3o para os pr\u00f3ximos dois anos durante a sua Conven\u00e7\u00e3o Nacional, realizada nessa segunda-feira (28), na Funda\u00e7\u00e3o Alberto Pasqualini \u2013 Leonel Brizola, Rio de Janeiro. Na ocasi\u00e3o, o deputado federal Afonso Motta (RS), eleito membro do Conselho Pol\u00edtico do Movimento, proferiu uma palestra&#8230;<!-- AddThis Advanced Settings generic via filter on wp_trim_excerpt --><!-- AddThis Share Buttons generic via filter on wp_trim_excerpt --><\/p>\n","protected":false},"author":17,"featured_media":0,"comment_status":"closed","ping_status":"closed","sticky":false,"template":"","format":"standard","meta":{"_monsterinsights_skip_tracking":false,"_monsterinsights_sitenote_active":false,"_monsterinsights_sitenote_note":"","_monsterinsights_sitenote_category":0,"_uf_show_specific_survey":0,"_uf_disable_surveys":false,"footnotes":""},"categories":[1588,1397,1401],"tags":[96,196,277,1710,565,592,1140,1738,1739,38,1740],"class_list":["post-51618","post","type-post","status-publish","format-standard","hentry","category-mapi","category-movimentos","category-nacional","tag-afonso-motta","tag-carlos-lupi","tag-darcy-ribeiro","tag-fidel-castro","tag-leonel-brizola","tag-mapi","tag-maria-jose-latge","tag-modesto-da-silveira","tag-neusa-brizola","tag-pdt","tag-reforma-politica"],"acf":[],"_links":{"self":[{"href":"https:\/\/pdt-rj.org.br\/index.php\/wp-json\/wp\/v2\/posts\/51618","targetHints":{"allow":["GET"]}}],"collection":[{"href":"https:\/\/pdt-rj.org.br\/index.php\/wp-json\/wp\/v2\/posts"}],"about":[{"href":"https:\/\/pdt-rj.org.br\/index.php\/wp-json\/wp\/v2\/types\/post"}],"author":[{"embeddable":true,"href":"https:\/\/pdt-rj.org.br\/index.php\/wp-json\/wp\/v2\/users\/17"}],"replies":[{"embeddable":true,"href":"https:\/\/pdt-rj.org.br\/index.php\/wp-json\/wp\/v2\/comments?post=51618"}],"version-history":[{"count":3,"href":"https:\/\/pdt-rj.org.br\/index.php\/wp-json\/wp\/v2\/posts\/51618\/revisions"}],"predecessor-version":[{"id":52472,"href":"https:\/\/pdt-rj.org.br\/index.php\/wp-json\/wp\/v2\/posts\/51618\/revisions\/52472"}],"wp:attachment":[{"href":"https:\/\/pdt-rj.org.br\/index.php\/wp-json\/wp\/v2\/media?parent=51618"}],"wp:term":[{"taxonomy":"category","embeddable":true,"href":"https:\/\/pdt-rj.org.br\/index.php\/wp-json\/wp\/v2\/categories?post=51618"},{"taxonomy":"post_tag","embeddable":true,"href":"https:\/\/pdt-rj.org.br\/index.php\/wp-json\/wp\/v2\/tags?post=51618"}],"curies":[{"name":"wp","href":"https:\/\/api.w.org\/{rel}","templated":true}]}}