{"id":51617,"date":"2016-12-04T23:59:36","date_gmt":"2016-12-05T01:59:36","guid":{"rendered":"http:\/\/pdt-rj.org.br\/?p=50920"},"modified":"2017-10-26T09:07:23","modified_gmt":"2017-10-26T11:07:23","slug":"quatros-anos-sem-niemeyer-o-arquiteto-dos-cieps","status":"publish","type":"post","link":"https:\/\/pdt-rj.org.br\/index.php\/quatros-anos-sem-niemeyer-o-arquiteto-dos-cieps\/","title":{"rendered":"Quatros anos sem Oscar Niemeyer, o arquiteto dos Cieps"},"content":{"rendered":"<p>H\u00e1 quatro anos, o mundo perdia um dos seus maiores arquitetos modernistas, o Brasil perdia uma refer\u00eancia e o Partido Democr\u00e1tico Trabalhista (PDT) dava adeus a um amigo. Oscar Niemeyer faleceu no dia 5 de dezembro de 2012, aos 104, deixando sua arte espalhada pelo mundo e um desejo de justi\u00e7a social para a humanidade.<\/p>\n<p>O Complexo Arquitet\u00f4nico da Pampulha, Bras\u00edlia e a sede das Na\u00e7\u00f5es Unidas, em Nova Iorque, identificam Niemeyer em qualquer lugar do mundo. J\u00e1 a milit\u00e2ncia esquerdista e a vis\u00e3o de igualdade social do g\u00eanio \u2013 componentes indissoci\u00e1veis do seu trabalho \u2013, figuram na subjetividade do legado concreto.<\/p>\n<p>Darcy Ribeiro e Leonel Brizola conheciam bem a ideologia de Niemeyer. Os tr\u00eas enfrentaram o ex\u00edlio durante a ditadura militar por idealizar uma na\u00e7\u00e3o verdadeiramente democr\u00e1tica que amparasse o povo brasileiro. O desejo comum se traduziria na constru\u00e7\u00e3o dos Centros Integrados de Educa\u00e7\u00e3o P\u00fablica (Cieps).<\/p>\n<p>No primeiro governo de Brizola no Rio de Janeiro (1983 &#8211; 1987), Darcy concebeu um projeto educacional que previa o ensino p\u00fablico de qualidade em per\u00edodo integral, os Cieps. Oscar Niemeyer, ent\u00e3o, foi convidado para desenvolver o projeto arquitet\u00f4nico.<\/p>\n<p>Em 1985 estava pronto o primeiro Ciep. As curvas sa\u00eddas da prancheta de Niemeyer, hoje s\u00e3o uma refer\u00eancia no Estado. O projeto educacional, no entanto, foi abandonado ap\u00f3s os governos de Brizola. Da pretens\u00e3o de uma educa\u00e7\u00e3o p\u00fablica qualificada, ficaram apenas os pr\u00e9dios como lembran\u00e7a.<\/p>\n<p>A ess\u00eancia do Ciesps morreu e seus idealizadores, tamb\u00e9m, n\u00e3o est\u00e3o mais entre n\u00f3s. Por isso, nesta data, o PDT sa\u00fada a exist\u00eancia do homem a imortalizar no concreto a aspira\u00e7\u00e3o trabalhista de construir um pa\u00eds justo para cada um dos seus cidad\u00e3os.<\/p>\n<p>\u201cPrefiro pensar que um dia a vida ser\u00e1 mais justa, que os homens n\u00e3o se olhar\u00e3o a procurar defeitos uns nos outros. Que haver\u00e1 sempre a ideia de que em todos h\u00e1 um lado bom. Nesse dia, ser\u00e1 com prazer que um procurar\u00e1 ajudar o outro.\u201d Oscar Niemeyer<\/p>\n<!-- AddThis Advanced Settings generic via filter on the_content --><!-- AddThis Share Buttons generic via filter on the_content -->","protected":false},"excerpt":{"rendered":"<p>H\u00e1 quatro anos, o mundo perdia um dos seus maiores arquitetos modernistas, o Brasil perdia uma refer\u00eancia e o Partido Democr\u00e1tico Trabalhista (PDT) dava adeus a um amigo. Oscar Niemeyer faleceu no dia 5 de dezembro de 2012, aos 104, deixando sua arte espalhada pelo mundo e um desejo de justi\u00e7a social para a humanidade&#8230;.<!-- AddThis Advanced Settings generic via filter on wp_trim_excerpt --><!-- AddThis Share Buttons generic via filter on wp_trim_excerpt --><\/p>\n","protected":false},"author":17,"featured_media":51595,"comment_status":"closed","ping_status":"closed","sticky":false,"template":"","format":"standard","meta":{"_monsterinsights_skip_tracking":false,"_monsterinsights_sitenote_active":false,"_monsterinsights_sitenote_note":"","_monsterinsights_sitenote_category":0,"_uf_show_specific_survey":0,"_uf_disable_surveys":false,"footnotes":""},"categories":[1401,976],"tags":[1736,1544,1545,1737,277,565,1546,38],"class_list":["post-51617","post","type-post","status-publish","format-standard","has-post-thumbnail","hentry","category-nacional","category-noticias-em-destaque","tag-brasilia","tag-centros-integrados-de-educacao-publica","tag-cieps","tag-conjunto-arquitetonico-da-pampulha","tag-darcy-ribeiro","tag-leonel-brizola","tag-oscar-niemeyer","tag-pdt"],"acf":[],"_links":{"self":[{"href":"https:\/\/pdt-rj.org.br\/index.php\/wp-json\/wp\/v2\/posts\/51617","targetHints":{"allow":["GET"]}}],"collection":[{"href":"https:\/\/pdt-rj.org.br\/index.php\/wp-json\/wp\/v2\/posts"}],"about":[{"href":"https:\/\/pdt-rj.org.br\/index.php\/wp-json\/wp\/v2\/types\/post"}],"author":[{"embeddable":true,"href":"https:\/\/pdt-rj.org.br\/index.php\/wp-json\/wp\/v2\/users\/17"}],"replies":[{"embeddable":true,"href":"https:\/\/pdt-rj.org.br\/index.php\/wp-json\/wp\/v2\/comments?post=51617"}],"version-history":[{"count":1,"href":"https:\/\/pdt-rj.org.br\/index.php\/wp-json\/wp\/v2\/posts\/51617\/revisions"}],"predecessor-version":[{"id":51643,"href":"https:\/\/pdt-rj.org.br\/index.php\/wp-json\/wp\/v2\/posts\/51617\/revisions\/51643"}],"wp:featuredmedia":[{"embeddable":true,"href":"https:\/\/pdt-rj.org.br\/index.php\/wp-json\/wp\/v2\/media\/51595"}],"wp:attachment":[{"href":"https:\/\/pdt-rj.org.br\/index.php\/wp-json\/wp\/v2\/media?parent=51617"}],"wp:term":[{"taxonomy":"category","embeddable":true,"href":"https:\/\/pdt-rj.org.br\/index.php\/wp-json\/wp\/v2\/categories?post=51617"},{"taxonomy":"post_tag","embeddable":true,"href":"https:\/\/pdt-rj.org.br\/index.php\/wp-json\/wp\/v2\/tags?post=51617"}],"curies":[{"name":"wp","href":"https:\/\/api.w.org\/{rel}","templated":true}]}}