{"id":51591,"date":"2016-11-30T19:19:34","date_gmt":"2016-11-30T21:19:34","guid":{"rendered":"http:\/\/pdt-rj.org.br\/?p=50863"},"modified":"2017-10-26T09:07:24","modified_gmt":"2017-10-26T11:07:24","slug":"camara-aprova-projeto-que-cria-medidas-anticorrupcao","status":"publish","type":"post","link":"https:\/\/pdt-rj.org.br\/index.php\/camara-aprova-projeto-que-cria-medidas-anticorrupcao\/","title":{"rendered":"C\u00e2mara aprova projeto que cria medidas anticorrup\u00e7\u00e3o"},"content":{"rendered":"<p>Plen\u00e1rio da C\u00e2mara dos Deputados aprovou, nesta quarta-feira (30), por 450 votos a 1 e 3 absten\u00e7\u00f5es, o substitutivo\u00a0da comiss\u00e3o especial ao projeto de lei com medidas contra a corrup\u00e7\u00e3o (PL 4850\/16).\u00a0Os parlamentares tamb\u00e9m aprovaram, por 313 votos a favor, emenda do l\u00edder l\u00edder do PDT, Weverton Rocha (MA),\u00a0que prev\u00ea casos de responsabiliza\u00e7\u00e3o de ju\u00edzes e de membros do Minist\u00e9rio P\u00fablico por crimes de abuso de autoridade.<\/p>\n<p>Entre as causas listadas na emenda, est\u00e1 a atua\u00e7\u00e3o com motiva\u00e7\u00e3o pol\u00edtico-partid\u00e1ria.\u00a0\u201cA ideia \u00e9 ajudar os promotores e ju\u00edzes, contribuindo para que possam separar o joio do trigo. Sabemos que \u00e9 uma minoria que comete esses abusos, mas n\u00e3o podemos deixar que essa minoria fique intoc\u00e1vel perante a Lei. Se a lei \u00e9 para todos, por que n\u00e3o incluir?&#8221;.<\/p>\n<p>A proposta tem causado pol\u00eamica no Senado, onde \u00e9 discutido um projeto de lei para enquadrar membros do MP nesse tipo de crime, sob o argumento de que os parlamentares querem conter a Opera\u00e7\u00e3o Lava-Jato e intimidar agentes p\u00fablicos.<\/p>\n<p>O texto da emenda prev\u00ea que a inclus\u00e3o do abuso de autoridade deixe \u201cexpressa a responsabilidade de quem aju\u00edza a\u00e7\u00e3o civil p\u00fablica e de improbidade temer\u00e1rias, com m\u00e1-f\u00e9, manifesta inten\u00e7\u00e3o de promo\u00e7\u00e3o pessoal ou visando persegui\u00e7\u00e3o pol\u00edtica\u201d.<\/p>\n<p>Ainda pelo texto, ser\u00e1 caracterizado abuso de autoridade de magistrados o mesmo tipo de conduta j\u00e1 expressa no cap\u00edtulo sobre crime de responsabilidade. Uma delas \u00e9 a proibi\u00e7\u00e3o ao magistrado de conceder entrevista sobre processo ainda a ser julgado ou fazer \u201cju\u00edzo depreciativo\u201d sobre despachos, votos ou senten\u00e7as. O texto deixa claro tamb\u00e9m que qualquer cidad\u00e3o pode representar contra o membro do MP, mas que ele ser\u00e1 julgado pelo tribunal ao qual est\u00e1 vinculado. Caso condenado, o magistrado poder\u00e1 receber pena de reclus\u00e3o de seis meses a dois anos, al\u00e9m de multa.<\/p>\n<p>\u201cN\u00e3o se trata em hip\u00f3tese nenhuma de persegui\u00e7\u00e3o e retalia\u00e7\u00e3o a ningu\u00e9m. O PDT sempre apoiou o Minist\u00e9rio P\u00fablico, o que n\u00e3o podemos \u00e9 imaginar que num momento de combate a corrup\u00e7\u00e3o membros do Judici\u00e1rio venham pedir para n\u00e3o estar dentro da lei\u201d, asseverou o l\u00edder do PDT.<\/p>\n<p>O partido discutiu o tema com a Executiva Nacional e bancadas do Congresso e fecharam quest\u00e3o \u201cpelo bem do Brasil e para que, verdadeiramente, o pa\u00eds seja passado a limpo e ningu\u00e9m tenha privil\u00e9gios\u201d, afirmou o deputado Andr\u00e9 Figueiredo (CE) ao encaminhar o voto pela aprova\u00e7\u00e3o da emenda.<\/p>\n<p>Os deputados aprovaram ainda, destaque que mant\u00e9m na legisla\u00e7\u00e3o dispositivo que prev\u00ea a responsabiliza\u00e7\u00e3o pessoal civil e criminal dos dirigentes partid\u00e1rios somente se houver irregularidade grave e insan\u00e1vel com enriquecimento il\u00edcito decorrente da desaprova\u00e7\u00e3o das contas partid\u00e1rias.<\/p>\n<p>Outra emenda aprovada caracteriza como crime, por parte de juiz, promotor ou delegado, a viola\u00e7\u00e3o de prerrogativa de advogado, com\u00a0deten\u00e7\u00e3o\u00a0de um a dois anos e multa. A emenda tamb\u00e9m especifica que, se a Ordem dos Advogados do Brasil (OAB) n\u00e3o concordar com o arquivamento de inqu\u00e9rito policial sobre esse crime ou o de exerc\u00edcio ilegal da advocacia, poder\u00e1 assumir a titularidade da a\u00e7\u00e3o penal.<\/p>\n<!-- AddThis Advanced Settings generic via filter on the_content --><!-- AddThis Share Buttons generic via filter on the_content -->","protected":false},"excerpt":{"rendered":"<p>Plen\u00e1rio da C\u00e2mara dos Deputados aprovou, nesta quarta-feira (30), por 450 votos a 1 e 3 absten\u00e7\u00f5es, o substitutivo\u00a0da comiss\u00e3o especial ao projeto de lei com medidas contra a corrup\u00e7\u00e3o (PL 4850\/16).\u00a0Os parlamentares tamb\u00e9m aprovaram, por 313 votos a favor, emenda do l\u00edder l\u00edder do PDT, Weverton Rocha (MA),\u00a0que prev\u00ea casos de responsabiliza\u00e7\u00e3o de ju\u00edzes&#8230;<!-- AddThis Advanced Settings generic via filter on wp_trim_excerpt --><!-- AddThis Share Buttons generic via filter on wp_trim_excerpt --><\/p>\n","protected":false},"author":17,"featured_media":0,"comment_status":"open","ping_status":"open","sticky":false,"template":"","format":"standard","meta":{"_monsterinsights_skip_tracking":false,"_monsterinsights_sitenote_active":false,"_monsterinsights_sitenote_note":"","_monsterinsights_sitenote_category":0,"_uf_show_specific_survey":0,"_uf_disable_surveys":false,"footnotes":""},"categories":[1459,976],"tags":[34,1720,1721,1722,38,1723,1724,962],"class_list":["post-51591","post","type-post","status-publish","format-standard","hentry","category-congresso","category-noticias-em-destaque","tag-andre-figueiredo","tag-medidas-contra-a-corrupcao","tag-oab","tag-ordem-dos-advogados-do-brasil","tag-pdt","tag-pl-485016","tag-polemica","tag-weverton-rocha"],"acf":[],"_links":{"self":[{"href":"https:\/\/pdt-rj.org.br\/index.php\/wp-json\/wp\/v2\/posts\/51591","targetHints":{"allow":["GET"]}}],"collection":[{"href":"https:\/\/pdt-rj.org.br\/index.php\/wp-json\/wp\/v2\/posts"}],"about":[{"href":"https:\/\/pdt-rj.org.br\/index.php\/wp-json\/wp\/v2\/types\/post"}],"author":[{"embeddable":true,"href":"https:\/\/pdt-rj.org.br\/index.php\/wp-json\/wp\/v2\/users\/17"}],"replies":[{"embeddable":true,"href":"https:\/\/pdt-rj.org.br\/index.php\/wp-json\/wp\/v2\/comments?post=51591"}],"version-history":[{"count":1,"href":"https:\/\/pdt-rj.org.br\/index.php\/wp-json\/wp\/v2\/posts\/51591\/revisions"}],"predecessor-version":[{"id":56128,"href":"https:\/\/pdt-rj.org.br\/index.php\/wp-json\/wp\/v2\/posts\/51591\/revisions\/56128"}],"wp:attachment":[{"href":"https:\/\/pdt-rj.org.br\/index.php\/wp-json\/wp\/v2\/media?parent=51591"}],"wp:term":[{"taxonomy":"category","embeddable":true,"href":"https:\/\/pdt-rj.org.br\/index.php\/wp-json\/wp\/v2\/categories?post=51591"},{"taxonomy":"post_tag","embeddable":true,"href":"https:\/\/pdt-rj.org.br\/index.php\/wp-json\/wp\/v2\/tags?post=51591"}],"curies":[{"name":"wp","href":"https:\/\/api.w.org\/{rel}","templated":true}]}}