{"id":51590,"date":"2016-11-30T16:41:57","date_gmt":"2016-11-30T18:41:57","guid":{"rendered":"http:\/\/pdt-rj.org.br\/?p=50841"},"modified":"2017-01-19T13:46:38","modified_gmt":"2017-01-19T15:46:38","slug":"manoel-dias-recebe-medalha-merito-legislativo-2016","status":"publish","type":"post","link":"https:\/\/pdt-rj.org.br\/index.php\/manoel-dias-recebe-medalha-merito-legislativo-2016\/","title":{"rendered":"Manoel Dias recebe Medalha M\u00e9rito Legislativo 2016"},"content":{"rendered":"<div id=\"yiv4151211821yui_3_16_0_ym19_1_1480511929030_171801\" dir=\"ltr\"><img loading=\"lazy\" decoding=\"async\" class=\"alignnone size-medium wp-image-50844 alignleft\" src=\"http:\/\/pdt-rj.org.br\/wp-content\/uploads\/2016\/11\/ALX_8857-300x199.jpg\" alt=\"Manoel Dias recebe Medalha M\u00e9rito Legislativo 2016\" width=\"300\" height=\"199\" \/>O secret\u00e1rio-geral nacional do PDT e presidente da Funda\u00e7\u00e3o Leonel Brizola \u2013 Alberto Pasqualini (FLB-AP), <a href=\"https:\/\/www.facebook.com\/dias.manoel?fref=ts\">Manoel Dias<\/a>, recebeu\u00a0nesta quarta-feira (30) a Medalha M\u00e9rito Legislativo, a maior condecora\u00e7\u00e3o da C\u00e2mara dos Deputados. A solenidade contou com a presen\u00e7a do presidente nacional da sigla, <a href=\"https:\/\/www.facebook.com\/LupiPDT\/?fref=ts\">Carlos Lupi<\/a> \u2013 agraciado com a honraria em 2009, quando ministro do Trabalho e Emprego \u2013, do l\u00edder do PDT, <a href=\"https:\/\/www.facebook.com\/wevertonrocha12\/?fref=ts\">Weverton Rocha<\/a> (MA), respons\u00e1vel pela indica\u00e7\u00e3o, do deputado Andr\u00e9 Figueiredo (PDT-CE) e do presidente da Casa, Rodrigo Maia, entre outros parlamentares e personalidades civis.<\/div>\n<div id=\"yiv4151211821yui_3_16_0_ym19_1_1480511929030_171801\" dir=\"ltr\">\u00a0<\/div>\n<div id=\"yiv4151211821yui_3_16_0_ym19_1_1480511929030_171803\">Criada em 1983, a Medalha, uma das maiores do Parlamento Brasileiro, \u00e9 concedida anualmente a autoridades, personalidades, institui\u00e7\u00f5es ou entidades, campanhas, programas ou movimentos de cunho social, civil ou militar, nacionais ou estrangeiros, que tenham prestado servi\u00e7os relevantes ao Poder Legislativo ou ao Brasil.<\/div>\n<div id=\"yiv4151211821yui_3_16_0_ym19_1_1480511929030_171803\">\u00a0<\/div>\n<div id=\"yiv4151211821yui_3_16_0_ym19_1_1480511929030_171805\">Na edi\u00e7\u00e3o deste ano, a condecora\u00e7\u00e3o tamb\u00e9m reconheceu a hist\u00f3ria de Manoel Dias na defesa dos direitos dos trabalhadores e da educa\u00e7\u00e3o p\u00fablica de qualidade. Na oportunidade, Weverton Rocha explicou que o fundador do PDT foi indicado pelo partido por ser um exemplo para as gera\u00e7\u00f5es mais novas.<\/div>\n<div id=\"yiv4151211821yui_3_16_0_ym19_1_1480511929030_171805\">\u00a0<\/div>\n<div id=\"yiv4151211821yui_3_16_0_ym19_1_1480511929030_171807\">\u201cA outorga da Medalha M\u00e9rito Legislativo serve como manifesta\u00e7\u00e3o de reconhecimento e de gratid\u00e3o pelos servi\u00e7os prestados ao povo que n\u00f3s representamos. Serve tamb\u00e9m como inspira\u00e7\u00e3o, para que mais brasileiros, seguindo o exemplo dos homenageados de hoje, busquem realizar a\u00e7\u00f5es que orgulhem a Na\u00e7\u00e3o. Por isso indicamos Manoel, Dias, por ser um desses exemplos de defesa da democracia e de justi\u00e7a\u201d, destacou o l\u00edder.<\/div>\n<div id=\"yiv4151211821yui_3_16_0_ym19_1_1480511929030_171807\">\u00a0<\/div>\n<div id=\"yiv4151211821yui_3_16_0_ym19_1_1480511929030_171809\">J\u00e1 o deputado federal Andr\u00e9 Figueiredo (CE), tamb\u00e9m presente na cerim\u00f4nia, destacou o legado de Manoel Dias na defesa das bandeiras do Trabalhismo. Para ele, o ex-ministro do Trabalho e Emprego no governo Dilma Rousseff, \u00e9 um militante conhecido por defender suas posi\u00e7\u00f5es por voca\u00e7\u00e3o e paix\u00e3o.<\/div>\n<div id=\"yiv4151211821yui_3_16_0_ym19_1_1480511929030_171809\">\u00a0<\/div>\n<div id=\"yiv4151211821yui_3_16_0_ym19_1_1480511929030_171811\">&#8220;Essa condecora\u00e7\u00e3o simboliza a \u00e1rdua luta promovida por l\u00edderes pedetistas para defender os interesses do povo brasileiro a partir dos ideais do Trabalhismo. Por isso, sempre esteve junto com o nosso presidente Carlos Lupi, ao lado do nosso querido Brizola&#8221;, afirmou Andr\u00e9 Figueiredo, que tamb\u00e9m \u00e9 vice-presidente nacional do PDT.<\/div>\n<div id=\"yiv4151211821yui_3_16_0_ym19_1_1480511929030_171811\">\u00a0<\/div>\n<div id=\"yiv4151211821yui_3_16_0_ym19_1_1480511929030_171813\"><b id=\"yiv4151211821yui_3_16_0_ym19_1_1480511929030_171814\">Reconhecimento<\/b><\/div>\n<div id=\"yiv4151211821yui_3_16_0_ym19_1_1480511929030_171690\">\u00a0<\/div>\n<div id=\"yiv4151211821yui_3_16_0_ym19_1_1480511929030_171816\" dir=\"ltr\">Manoel Dias iniciou sua vida p\u00fablica na d\u00e9cada de 1960, como l\u00edder estudantil. Ex-ministro do Trabalho, de 2013 a 2015, Dias \u00e9 presidente da Funda\u00e7\u00e3o Leonel Brizola-Alberto Pasqualini, e presidente da legenda em Santa Catarina. Advogado, Manoel Dias foi eleito vereador de I\u00e7ara, em 1962, pelo PTB, e teve o mandato cassado ap\u00f3s o Golpe Militar de 1964. Foi um dos fundadores em 1965 do MDB em Santa Catarina. No come\u00e7o da d\u00e9cada de 1980, com Leonel Brizola e outros trabalhistas, ajudou a fundar o PDT.<\/div>\n<!-- AddThis Advanced Settings generic via filter on the_content --><!-- AddThis Share Buttons generic via filter on the_content -->","protected":false},"excerpt":{"rendered":"<p>O secret\u00e1rio-geral nacional do PDT e presidente da Funda\u00e7\u00e3o Leonel Brizola \u2013 Alberto Pasqualini (FLB-AP), Manoel Dias, recebeu\u00a0nesta quarta-feira (30) a Medalha M\u00e9rito Legislativo, a maior condecora\u00e7\u00e3o da C\u00e2mara dos Deputados. A solenidade contou com a presen\u00e7a do presidente nacional da sigla, Carlos Lupi \u2013 agraciado com a honraria em 2009, quando ministro do Trabalho&#8230;<!-- AddThis Advanced Settings generic via filter on wp_trim_excerpt --><!-- AddThis Share Buttons generic via filter on wp_trim_excerpt --><\/p>\n","protected":false},"author":17,"featured_media":0,"comment_status":"closed","ping_status":"closed","sticky":false,"template":"","format":"standard","meta":{"_monsterinsights_skip_tracking":false,"_monsterinsights_sitenote_active":false,"_monsterinsights_sitenote_note":"","_monsterinsights_sitenote_category":0,"_uf_show_specific_survey":0,"_uf_disable_surveys":false,"footnotes":""},"categories":[1459,1401],"tags":[34,196,1718,1719,591,1717,38,46,962],"class_list":["post-51590","post","type-post","status-publish","format-standard","hentry","category-congresso","category-nacional","tag-andre-figueiredo","tag-carlos-lupi","tag-condecoracao","tag-horaria","tag-manoel-dias","tag-medalha-merito-legislativo","tag-pdt","tag-trabalhismo","tag-weverton-rocha"],"acf":[],"_links":{"self":[{"href":"https:\/\/pdt-rj.org.br\/index.php\/wp-json\/wp\/v2\/posts\/51590","targetHints":{"allow":["GET"]}}],"collection":[{"href":"https:\/\/pdt-rj.org.br\/index.php\/wp-json\/wp\/v2\/posts"}],"about":[{"href":"https:\/\/pdt-rj.org.br\/index.php\/wp-json\/wp\/v2\/types\/post"}],"author":[{"embeddable":true,"href":"https:\/\/pdt-rj.org.br\/index.php\/wp-json\/wp\/v2\/users\/17"}],"replies":[{"embeddable":true,"href":"https:\/\/pdt-rj.org.br\/index.php\/wp-json\/wp\/v2\/comments?post=51590"}],"version-history":[{"count":1,"href":"https:\/\/pdt-rj.org.br\/index.php\/wp-json\/wp\/v2\/posts\/51590\/revisions"}],"predecessor-version":[{"id":52358,"href":"https:\/\/pdt-rj.org.br\/index.php\/wp-json\/wp\/v2\/posts\/51590\/revisions\/52358"}],"wp:attachment":[{"href":"https:\/\/pdt-rj.org.br\/index.php\/wp-json\/wp\/v2\/media?parent=51590"}],"wp:term":[{"taxonomy":"category","embeddable":true,"href":"https:\/\/pdt-rj.org.br\/index.php\/wp-json\/wp\/v2\/categories?post=51590"},{"taxonomy":"post_tag","embeddable":true,"href":"https:\/\/pdt-rj.org.br\/index.php\/wp-json\/wp\/v2\/tags?post=51590"}],"curies":[{"name":"wp","href":"https:\/\/api.w.org\/{rel}","templated":true}]}}