{"id":51589,"date":"2016-11-29T19:56:36","date_gmt":"2016-11-29T21:56:36","guid":{"rendered":"http:\/\/pdt-rj.org.br\/?p=50798"},"modified":"2017-01-19T13:50:28","modified_gmt":"2017-01-19T15:50:28","slug":"manoel-dias-recebe-medalha-merito-legislativo-neste-terca","status":"publish","type":"post","link":"https:\/\/pdt-rj.org.br\/index.php\/manoel-dias-recebe-medalha-merito-legislativo-neste-terca\/","title":{"rendered":"Manoel Dias recebe Medalha M\u00e9rito Legislativo"},"content":{"rendered":"<p>O secret\u00e1rio-geral nacional do PDT e presidente da <a href=\"http:\/\/www.flb-ap.org.br\/\">Funda\u00e7\u00e3o Leonel Brizola &#8211; Alberto Pasqualini<\/a> (FLB-AP), <a href=\"https:\/\/www.facebook.com\/dias.manoel?fref=ts\">Manoel Dias<\/a>, ser\u00e1 homenageado nesta quarta-feira\u00a0(30 de novembro), com a Medalha M\u00e9rito Legislativo, maior honraria da C\u00e2mara dos Deputados e uma das maiores do Parlamento Brasileiro.\u00a0<\/p>\n<p>Criada em 1983, a Medalha destina-se a distinguir e condecorar autoridades, personalidades, institui\u00e7\u00f5es ou entidades, campanhas, programas ou movimentos de cunho social, civil ou militar, nacionais ou estrangeiros, que tenham prestado servi\u00e7os relevantes ao Poder Legislativo ou ao Brasil.<\/p>\n<p>O indicado pode ser cientista, pol\u00edtico, ator, cantor, religioso, enfim qualquer pessoa que em certo momento da hist\u00f3ria do Pa\u00eds realizou trabalho que teve repercuss\u00e3o e recebeu a admira\u00e7\u00e3o do povo brasileiro.<\/p>\n<p>A\u00a0Medalha M\u00e9rito Legislativo 2016 ser\u00e1 entregue nesta quarta-feira (29) , \u00e0s 10h, no Plen\u00e1rio Ulysses Guimar\u00e3es.<\/p>\n<p>Conhe\u00e7a os indicados \u00e0 <a class=\"internal-link\" title=\"\" href=\"http:\/\/www2.camara.leg.br\/a-camara\/mesa\/segunda-secretaria\/noticias\/copy_of_Personalidades_Indicadas2016.pdf\" target=\"_self\">Medalha M\u00e9rito Legislativo 2016<\/a> (PDF).<\/p>\n<p><a href=\"http:\/\/www2.camara.leg.br\/a-camara\/mesa\/segunda-secretaria\/servicos\/merito-legislativo\">Saiba mais.\u00a0<\/a><\/p>\n<!-- AddThis Advanced Settings generic via filter on the_content --><!-- AddThis Share Buttons generic via filter on the_content -->","protected":false},"excerpt":{"rendered":"<p>O secret\u00e1rio-geral nacional do PDT e presidente da Funda\u00e7\u00e3o Leonel Brizola &#8211; Alberto Pasqualini (FLB-AP), Manoel Dias, ser\u00e1 homenageado nesta quarta-feira\u00a0(30 de novembro), com a Medalha M\u00e9rito Legislativo, maior honraria da C\u00e2mara dos Deputados e uma das maiores do Parlamento Brasileiro.\u00a0 Criada em 1983, a Medalha destina-se a distinguir e condecorar autoridades, personalidades, institui\u00e7\u00f5es ou&#8230;<!-- AddThis Advanced Settings generic via filter on wp_trim_excerpt --><!-- AddThis Share Buttons generic via filter on wp_trim_excerpt --><\/p>\n","protected":false},"author":17,"featured_media":0,"comment_status":"closed","ping_status":"closed","sticky":false,"template":"","format":"standard","meta":{"_monsterinsights_skip_tracking":false,"_monsterinsights_sitenote_active":false,"_monsterinsights_sitenote_note":"","_monsterinsights_sitenote_category":0,"_uf_show_specific_survey":0,"_uf_disable_surveys":false,"footnotes":""},"categories":[1459,1401],"tags":[591,1717,38],"class_list":["post-51589","post","type-post","status-publish","format-standard","hentry","category-congresso","category-nacional","tag-manoel-dias","tag-medalha-merito-legislativo","tag-pdt"],"acf":[],"_links":{"self":[{"href":"https:\/\/pdt-rj.org.br\/index.php\/wp-json\/wp\/v2\/posts\/51589","targetHints":{"allow":["GET"]}}],"collection":[{"href":"https:\/\/pdt-rj.org.br\/index.php\/wp-json\/wp\/v2\/posts"}],"about":[{"href":"https:\/\/pdt-rj.org.br\/index.php\/wp-json\/wp\/v2\/types\/post"}],"author":[{"embeddable":true,"href":"https:\/\/pdt-rj.org.br\/index.php\/wp-json\/wp\/v2\/users\/17"}],"replies":[{"embeddable":true,"href":"https:\/\/pdt-rj.org.br\/index.php\/wp-json\/wp\/v2\/comments?post=51589"}],"version-history":[{"count":1,"href":"https:\/\/pdt-rj.org.br\/index.php\/wp-json\/wp\/v2\/posts\/51589\/revisions"}],"predecessor-version":[{"id":52359,"href":"https:\/\/pdt-rj.org.br\/index.php\/wp-json\/wp\/v2\/posts\/51589\/revisions\/52359"}],"wp:attachment":[{"href":"https:\/\/pdt-rj.org.br\/index.php\/wp-json\/wp\/v2\/media?parent=51589"}],"wp:term":[{"taxonomy":"category","embeddable":true,"href":"https:\/\/pdt-rj.org.br\/index.php\/wp-json\/wp\/v2\/categories?post=51589"},{"taxonomy":"post_tag","embeddable":true,"href":"https:\/\/pdt-rj.org.br\/index.php\/wp-json\/wp\/v2\/tags?post=51589"}],"curies":[{"name":"wp","href":"https:\/\/api.w.org\/{rel}","templated":true}]}}