{"id":51586,"date":"2016-11-26T19:02:23","date_gmt":"2016-11-26T21:02:23","guid":{"rendered":"http:\/\/pdt-rj.org.br\/?p=50769"},"modified":"2017-10-26T09:07:24","modified_gmt":"2017-10-26T11:07:24","slug":"nota-de-pesar-2","status":"publish","type":"post","link":"https:\/\/pdt-rj.org.br\/index.php\/nota-de-pesar-2\/","title":{"rendered":"NOTA DE PESAR"},"content":{"rendered":"<p><img loading=\"lazy\" decoding=\"async\" class=\"size-medium wp-image-50771 alignleft\" src=\"http:\/\/pdt-rj.org.br\/wp-content\/uploads\/2016\/11\/Brizola-e-Fidel-Castro-300x161.jpg\" alt=\"Leonel Brizola e Fidel Castro\" width=\"300\" height=\"161\" \/>Foi com imenso pesar que a Dire\u00e7\u00e3o Nacional do PDT recebeu, na madrugada deste s\u00e1bado, 26 de novembro, a not\u00edcia sobre a morte do Comandante Fidel Castro Ruz, ex-presidente de Cuba, aos 90 anos.<\/p>\n<p>Fidel representou, por gera\u00e7\u00f5es, sonhos e utopias de uma sociedade fraterna e igualit\u00e1ria. Inspirou muitos. Mas tamb\u00e9m despertou \u00f3dio, principalmente por aqueles que enxergam apenas seus pr\u00f3prios interesses.<\/p>\n<div class=\"text_exposed_show\">\n<p>Fidel \u00e9 exemplo de vida, coer\u00eancia e coragem. Jamais deixou de sonhar em um mundo livre e justo. L\u00edder da Revolu\u00e7\u00e3o Cubana, libertou seu povo e transformou a ilha na maior refer\u00eancia do mundo em \u00e1reas como Sa\u00fade e Educa\u00e7\u00e3o.<\/p>\n<p>Ser\u00e3o necess\u00e1rios mais 90 anos para que o mundo entenda com profundidade o papel de Fidel nos s\u00e9culos XX e XXI.<\/p>\n<p>Siga em frente, Comandante. Sua luta continua.<\/p>\n<p>&nbsp;<\/p>\n<p style=\"text-align: center;\"><a class=\"profileLink\" href=\"https:\/\/www.facebook.com\/LupiPDT\/\" data-hovercard=\"\/ajax\/hovercard\/page.php?id=1479091025641886\" data-hovercard-prefer-more-content-show=\"1\">Carlos Lupi<\/a><\/p>\n<p style=\"text-align: center;\">Presidente Nacional do PDT<\/p>\n<\/div>\n<!-- AddThis Advanced Settings generic via filter on the_content --><!-- AddThis Share Buttons generic via filter on the_content -->","protected":false},"excerpt":{"rendered":"<p>Foi com imenso pesar que a Dire\u00e7\u00e3o Nacional do PDT recebeu, na madrugada deste s\u00e1bado, 26 de novembro, a not\u00edcia sobre a morte do Comandante Fidel Castro Ruz, ex-presidente de Cuba, aos 90 anos. Fidel representou, por gera\u00e7\u00f5es, sonhos e utopias de uma sociedade fraterna e igualit\u00e1ria. Inspirou muitos. Mas tamb\u00e9m despertou \u00f3dio, principalmente por&#8230;<!-- AddThis Advanced Settings generic via filter on wp_trim_excerpt --><!-- AddThis Share Buttons generic via filter on wp_trim_excerpt --><\/p>\n","protected":false},"author":17,"featured_media":0,"comment_status":"open","ping_status":"open","sticky":false,"template":"","format":"standard","meta":{"_monsterinsights_skip_tracking":false,"_monsterinsights_sitenote_active":false,"_monsterinsights_sitenote_note":"","_monsterinsights_sitenote_category":0,"_uf_show_specific_survey":0,"_uf_disable_surveys":false,"footnotes":""},"categories":[1401,976],"tags":[196,1707,1708,1709,1710,565,1711,38,1712,1713],"class_list":["post-51586","post","type-post","status-publish","format-standard","hentry","category-nacional","category-noticias-em-destaque","tag-carlos-lupi","tag-coerencia","tag-coragem","tag-exemplo-de-vida","tag-fidel-castro","tag-leonel-brizola","tag-mundo-livre","tag-pdt","tag-revolucao-cubana","tag-sociedade-fraterna"],"acf":[],"_links":{"self":[{"href":"https:\/\/pdt-rj.org.br\/index.php\/wp-json\/wp\/v2\/posts\/51586","targetHints":{"allow":["GET"]}}],"collection":[{"href":"https:\/\/pdt-rj.org.br\/index.php\/wp-json\/wp\/v2\/posts"}],"about":[{"href":"https:\/\/pdt-rj.org.br\/index.php\/wp-json\/wp\/v2\/types\/post"}],"author":[{"embeddable":true,"href":"https:\/\/pdt-rj.org.br\/index.php\/wp-json\/wp\/v2\/users\/17"}],"replies":[{"embeddable":true,"href":"https:\/\/pdt-rj.org.br\/index.php\/wp-json\/wp\/v2\/comments?post=51586"}],"version-history":[{"count":1,"href":"https:\/\/pdt-rj.org.br\/index.php\/wp-json\/wp\/v2\/posts\/51586\/revisions"}],"predecessor-version":[{"id":56132,"href":"https:\/\/pdt-rj.org.br\/index.php\/wp-json\/wp\/v2\/posts\/51586\/revisions\/56132"}],"wp:attachment":[{"href":"https:\/\/pdt-rj.org.br\/index.php\/wp-json\/wp\/v2\/media?parent=51586"}],"wp:term":[{"taxonomy":"category","embeddable":true,"href":"https:\/\/pdt-rj.org.br\/index.php\/wp-json\/wp\/v2\/categories?post=51586"},{"taxonomy":"post_tag","embeddable":true,"href":"https:\/\/pdt-rj.org.br\/index.php\/wp-json\/wp\/v2\/tags?post=51586"}],"curies":[{"name":"wp","href":"https:\/\/api.w.org\/{rel}","templated":true}]}}