{"id":51583,"date":"2016-11-22T18:42:08","date_gmt":"2016-11-22T20:42:08","guid":{"rendered":"http:\/\/pdt-rj.org.br\/?p=50703"},"modified":"2017-10-26T09:07:24","modified_gmt":"2017-10-26T11:07:24","slug":"lupi-afirma-em-reuniao-da-executiva-que-candidatura-de-ciro-e-irreversivel","status":"publish","type":"post","link":"https:\/\/pdt-rj.org.br\/index.php\/lupi-afirma-em-reuniao-da-executiva-que-candidatura-de-ciro-e-irreversivel\/","title":{"rendered":"Lupi afirma durante reuni\u00e3o que candidatura de Ciro \u00e9 irrevers\u00edvel"},"content":{"rendered":"<p><img loading=\"lazy\" decoding=\"async\" class=\"alignnone size-medium wp-image-50704 alignright\" src=\"http:\/\/pdt-rj.org.br\/wp-content\/uploads\/2016\/11\/Lupi-afirma-em-reuni\u00e3o-da-Executiva-que-candidatura-de-Ciro-\u00e9-irrevers\u00edvel-300x200.jpg\" alt=\"Lupi afirma, em reuni\u00e3o da Executiva, que candidatura de Ciro \u00e9 irrevers\u00edvel\" width=\"300\" height=\"200\" \/>Em reuni\u00e3o realizada nesta\u00a0ter\u00e7a-feira (22), a Executiva Nacional ampliada do PDT fez um balan\u00e7o das elei\u00e7\u00f5es municipais deste ano e discutiu a organiza\u00e7\u00e3o do partido para o pleito de 2018. Com foco na candidatura de Ciro Gomes para a Presid\u00eancia da Rep\u00fablica, o presidente nacional da sigla, Carlos Lupi, convocou os dirigentes para que, em seus respectivos estados, se preparem para o maior n\u00famero poss\u00edvel de candidaturas majorit\u00e1rias.<\/p>\n<p>A reuni\u00e3o contou tamb\u00e9m com todos os presidentes regionais do partido, que um a um, apresentaram um panorama dos seus estados. Lupi, em sua fala inicial, comemorou os n\u00fameros obtidos pelo PDT \u2013 que elegeu 335 prefeitos e mais de 3,5 mil vereadores.<\/p>\n<p>&#8220;Estamos consolidados como o maior partido de centro-esquerda do Brasil. A candidatura de Ciro \u00e0 presid\u00eancia da Rep\u00fablica \u00e9 irrevers\u00edvel e, agora, temos que nos fortalecer nos estados para levar o nosso discurso. Temos que mostrar ao povo que Ciro, de fato, \u00e9 o mais preparado para se tornar presidente do Brasil&#8221;, afirmou Lupi.<\/p>\n<p>Ciro Gomes atacou as \u00faltimas decis\u00f5es do atual Governo, afirmando que ele n\u00e3o possui legitimidade e que o Brasil precisa urgentemente &#8220;voltar \u00e0 normalidade democr\u00e1tica&#8221;.<\/p>\n<p>&#8220;Estamos vivendo um momento confuso na ordem pol\u00edtica brasileira. O Governo que est\u00e1 entregando nossas riquezas, como o pr\u00e9-sal, retirando direitos garantidos dos mais necessitados, acabando com investimentos em sa\u00fade e educa\u00e7\u00e3o, n\u00e3o foi legitimado pelo povo. Precisamos retomar a ordem democr\u00e1tica imediatamente&#8221;, afirmou.<\/p>\n<p>Lupi tamb\u00e9m enfatizou a import\u00e2ncia da presta\u00e7\u00e3o de contas anual do partido, que, como ele destacou, deve atender \u00e0s determina\u00e7\u00f5es do Tribunal Superior Eleitoral (TSE). Para isso, ele destacou que todos ser\u00e3o devidamente orientados pela dire\u00e7\u00e3o do partido.<\/p>\n<p>Quanto \u00e0 organiza\u00e7\u00e3o do partido para as elei\u00e7\u00f5es 2018, Lupi destacou a import\u00e2ncia da forma\u00e7\u00e3o pol\u00edtica dos n\u00facleos de base do PDT, que dar\u00e3o suporte para a organiza\u00e7\u00e3o do partido em todo o Pa\u00eds, papel a ser desempenhado pelas unidades da Funda\u00e7\u00e3o Leonel Brizola \u2013 Alberto Pasqualini (FLB-AP) de cada estado.<\/p>\n<p>\u201cTemos de organizar o partido para esse momento que o Brasil est\u00e1 enfrentando. Temos de nos modernizar, nos atualizar. O PDT pode se tornar o grande referencial desse Pa\u00eds, representando os anseios da centro-esquerda, porque temos hist\u00f3ria, ideais e um projeto nacionalista para a Na\u00e7\u00e3o\u201d, frisou Lupi.<\/p>\n<p>\u00a0Para o presidente, o crescimento do PDT na maioria dos estados, em rela\u00e7\u00e3o ao n\u00famero de candidatos eleitos, refor\u00e7a o compromisso da legenda com a sua trajet\u00f3ria pol\u00edtica e representa uma for\u00e7a potencial para a candidatura de Ciro \u00e0 Presid\u00eancia da Rep\u00fablica. \u201cN\u00f3s temos que amparar o Ciro; n\u00e3o como pessoa, mas como instrumento de uma causa. Temos que ter um projeto de poder\u201d, ressaltou Lupi.<\/p>\n<!-- AddThis Advanced Settings generic via filter on the_content --><!-- AddThis Share Buttons generic via filter on the_content -->","protected":false},"excerpt":{"rendered":"<p>Em reuni\u00e3o realizada nesta\u00a0ter\u00e7a-feira (22), a Executiva Nacional ampliada do PDT fez um balan\u00e7o das elei\u00e7\u00f5es municipais deste ano e discutiu a organiza\u00e7\u00e3o do partido para o pleito de 2018. Com foco na candidatura de Ciro Gomes para a Presid\u00eancia da Rep\u00fablica, o presidente nacional da sigla, Carlos Lupi, convocou os dirigentes para que, em&#8230;<!-- AddThis Advanced Settings generic via filter on wp_trim_excerpt --><!-- AddThis Share Buttons generic via filter on wp_trim_excerpt --><\/p>\n","protected":false},"author":17,"featured_media":0,"comment_status":"open","ping_status":"open","sticky":false,"template":"","format":"standard","meta":{"_monsterinsights_skip_tracking":false,"_monsterinsights_sitenote_active":false,"_monsterinsights_sitenote_note":"","_monsterinsights_sitenote_category":0,"_uf_show_specific_survey":0,"_uf_disable_surveys":false,"footnotes":""},"categories":[1401,976],"tags":[196,1553,220,383,38],"class_list":["post-51583","post","type-post","status-publish","format-standard","hentry","category-nacional","category-noticias-em-destaque","tag-carlos-lupi","tag-centro-esquerda","tag-ciro-gomes","tag-executiva-nacional","tag-pdt"],"acf":[],"_links":{"self":[{"href":"https:\/\/pdt-rj.org.br\/index.php\/wp-json\/wp\/v2\/posts\/51583","targetHints":{"allow":["GET"]}}],"collection":[{"href":"https:\/\/pdt-rj.org.br\/index.php\/wp-json\/wp\/v2\/posts"}],"about":[{"href":"https:\/\/pdt-rj.org.br\/index.php\/wp-json\/wp\/v2\/types\/post"}],"author":[{"embeddable":true,"href":"https:\/\/pdt-rj.org.br\/index.php\/wp-json\/wp\/v2\/users\/17"}],"replies":[{"embeddable":true,"href":"https:\/\/pdt-rj.org.br\/index.php\/wp-json\/wp\/v2\/comments?post=51583"}],"version-history":[{"count":1,"href":"https:\/\/pdt-rj.org.br\/index.php\/wp-json\/wp\/v2\/posts\/51583\/revisions"}],"predecessor-version":[{"id":56134,"href":"https:\/\/pdt-rj.org.br\/index.php\/wp-json\/wp\/v2\/posts\/51583\/revisions\/56134"}],"wp:attachment":[{"href":"https:\/\/pdt-rj.org.br\/index.php\/wp-json\/wp\/v2\/media?parent=51583"}],"wp:term":[{"taxonomy":"category","embeddable":true,"href":"https:\/\/pdt-rj.org.br\/index.php\/wp-json\/wp\/v2\/categories?post=51583"},{"taxonomy":"post_tag","embeddable":true,"href":"https:\/\/pdt-rj.org.br\/index.php\/wp-json\/wp\/v2\/tags?post=51583"}],"curies":[{"name":"wp","href":"https:\/\/api.w.org\/{rel}","templated":true}]}}