{"id":51580,"date":"2016-11-21T18:44:15","date_gmt":"2016-11-21T20:44:15","guid":{"rendered":"http:\/\/pdt-rj.org.br\/?p=50670"},"modified":"2017-10-26T09:07:25","modified_gmt":"2017-10-26T11:07:25","slug":"camara-lanca-nesta-terca-frente-parlamentar-mista-da-engenharia","status":"publish","type":"post","link":"https:\/\/pdt-rj.org.br\/index.php\/camara-lanca-nesta-terca-frente-parlamentar-mista-da-engenharia\/","title":{"rendered":"C\u00e2mara lan\u00e7a nesta ter\u00e7a Frente Parlamentar Mista da Engenharia"},"content":{"rendered":"<p><img loading=\"lazy\" decoding=\"async\" class=\"alignnone size-medium wp-image-50672 alignleft\" src=\"http:\/\/pdt-rj.org.br\/wp-content\/uploads\/2016\/11\/10710900_336512376551290_2488659612996994558_n-300x200.jpg\" alt=\"C\u00e2mara lan\u00e7a nesta ter\u00e7a Frente Parlamentar Mista da Engenharia \" width=\"300\" height=\"200\" \/>A C\u00e2mara dos Deputados lan\u00e7a, nesta ter\u00e7a-feira (22), \u00e0s 10h, no Plen\u00e1rio 2, a Frente Parlamentar Mista de Engenharia, Infraestrutura e Desenvolvimento Nacional.\u00a0A\u00a0iniciativa \u00e9 do deputado e tamb\u00e9m presidente da\u00a0Frente, <a href=\"https:\/\/www.facebook.com\/www.ronaldolessa.com.br\/\">Ronaldo Lessa<\/a> (PDT-AL), em\u00a0resposta \u00e0s demandas das entidades nacionais, estaduais e distritais que sentem a necessidade de contribuir mais efetivamente com solu\u00e7\u00f5es para o Pa\u00eds.<\/p>\n<p>Com\u00a0o apoio e a participa\u00e7\u00e3o da Federa\u00e7\u00e3o Nacional dos Engenheiros (FNE), a Frente tem como objetivo constituir\u00a0foros de debates com a sociedade civil e entidades de classe com a finalidade de apresentar e apoiar propostas que visem o desenvolvimento brasileiro.<\/p>\n<p>Segundo o deputado Ronaldo Lessa, a\u00a0proposta da Frente, formada por deputados e senadores, \u00e9 integrar um movimento constante de valoriza\u00e7\u00e3o dos engenheiros brasileiros como protagonistas do desenvolvimento.\u00a0 Ainda de acordo com o pedetista, a frente tamb\u00e9m deve estimular a participa\u00e7\u00e3o ampla e democr\u00e1tica da sociedade civil nas discuss\u00f5es sobre o papel estrat\u00e9gico dos profissionais da \u00e1rea de infraestrutura e desenvolvimento nacional. \u201cUm importante papel da Frente de Engenharia \u00e9 demonstrar a relev\u00e2ncia da tecnologia como instrumento a servi\u00e7o do desenvolvimento nacional com \u00e9tica e justi\u00e7a social. O bom exerc\u00edcio da engenharia transforma as cidades e at\u00e9 a democracia\u201d, salienta.<\/p>\n<p>Foram convidados para o evento os presidentes do Senado, Renan Calheiros e da C\u00e2mara, Rodrigo Maia, al\u00e9m de ministros e representantes de entidades do setor de engenharia.<\/p>\n<!-- AddThis Advanced Settings generic via filter on the_content --><!-- AddThis Share Buttons generic via filter on the_content -->","protected":false},"excerpt":{"rendered":"<p>A C\u00e2mara dos Deputados lan\u00e7a, nesta ter\u00e7a-feira (22), \u00e0s 10h, no Plen\u00e1rio 2, a Frente Parlamentar Mista de Engenharia, Infraestrutura e Desenvolvimento Nacional.\u00a0A\u00a0iniciativa \u00e9 do deputado e tamb\u00e9m presidente da\u00a0Frente, Ronaldo Lessa (PDT-AL), em\u00a0resposta \u00e0s demandas das entidades nacionais, estaduais e distritais que sentem a necessidade de contribuir mais efetivamente com solu\u00e7\u00f5es para o Pa\u00eds&#8230;.<!-- AddThis Advanced Settings generic via filter on wp_trim_excerpt --><!-- AddThis Share Buttons generic via filter on wp_trim_excerpt --><\/p>\n","protected":false},"author":17,"featured_media":0,"comment_status":"open","ping_status":"open","sticky":false,"template":"","format":"standard","meta":{"_monsterinsights_skip_tracking":false,"_monsterinsights_sitenote_active":false,"_monsterinsights_sitenote_note":"","_monsterinsights_sitenote_category":0,"_uf_show_specific_survey":0,"_uf_disable_surveys":false,"footnotes":""},"categories":[1459,976],"tags":[1693,1694,410,1695,1696,38,841],"class_list":["post-51580","post","type-post","status-publish","format-standard","hentry","category-congresso","category-noticias-em-destaque","tag-desenvolvimento-brasileiro","tag-federacao-nacional-dos-engenheiros","tag-fne","tag-frente-parlamentar-mista-de-engenharia","tag-infraestrutura-e-desenvolvimento-nacional","tag-pdt","tag-ronaldo-lessa"],"acf":[],"_links":{"self":[{"href":"https:\/\/pdt-rj.org.br\/index.php\/wp-json\/wp\/v2\/posts\/51580","targetHints":{"allow":["GET"]}}],"collection":[{"href":"https:\/\/pdt-rj.org.br\/index.php\/wp-json\/wp\/v2\/posts"}],"about":[{"href":"https:\/\/pdt-rj.org.br\/index.php\/wp-json\/wp\/v2\/types\/post"}],"author":[{"embeddable":true,"href":"https:\/\/pdt-rj.org.br\/index.php\/wp-json\/wp\/v2\/users\/17"}],"replies":[{"embeddable":true,"href":"https:\/\/pdt-rj.org.br\/index.php\/wp-json\/wp\/v2\/comments?post=51580"}],"version-history":[{"count":1,"href":"https:\/\/pdt-rj.org.br\/index.php\/wp-json\/wp\/v2\/posts\/51580\/revisions"}],"predecessor-version":[{"id":56137,"href":"https:\/\/pdt-rj.org.br\/index.php\/wp-json\/wp\/v2\/posts\/51580\/revisions\/56137"}],"wp:attachment":[{"href":"https:\/\/pdt-rj.org.br\/index.php\/wp-json\/wp\/v2\/media?parent=51580"}],"wp:term":[{"taxonomy":"category","embeddable":true,"href":"https:\/\/pdt-rj.org.br\/index.php\/wp-json\/wp\/v2\/categories?post=51580"},{"taxonomy":"post_tag","embeddable":true,"href":"https:\/\/pdt-rj.org.br\/index.php\/wp-json\/wp\/v2\/tags?post=51580"}],"curies":[{"name":"wp","href":"https:\/\/api.w.org\/{rel}","templated":true}]}}