{"id":51579,"date":"2016-11-21T18:20:40","date_gmt":"2016-11-21T20:20:40","guid":{"rendered":"http:\/\/pdt-rj.org.br\/?p=50663"},"modified":"2017-10-26T09:07:25","modified_gmt":"2017-10-26T11:07:25","slug":"pdt-celebra-dia-da-consciencia-negra-com-programacao-cultural-na-camara","status":"publish","type":"post","link":"https:\/\/pdt-rj.org.br\/index.php\/pdt-celebra-dia-da-consciencia-negra-com-programacao-cultural-na-camara\/","title":{"rendered":"PDT celebra Dia da Consci\u00eancia Negra na C\u00e2mara dos Deputados"},"content":{"rendered":"<p><img loading=\"lazy\" decoding=\"async\" class=\"alignnone size-medium wp-image-50664 alignleft\" src=\"http:\/\/pdt-rj.org.br\/wp-content\/uploads\/2016\/11\/consciencianegra-1024x424-300x124.jpg\" alt=\"PDT celebra Dia da Consci\u00eancia Negra com programa\u00e7\u00e3o cultural na C\u00e2mara\" width=\"300\" height=\"124\" \/>Em comemora\u00e7\u00e3o ao dia da Consci\u00eancia Negra, celebrado anualmente em 20 de novembro, o deputado <a href=\"https:\/\/www.facebook.com\/profile.php?id=100004235474669&amp;fref=ts\">Dami\u00e3o Feliciano<\/a> (PDT-PB) prop\u00f4s uma semana \u2013 do dia 22 ao dia 30 de novembro \u2013 com programa\u00e7\u00e3o voltada para a valoriza\u00e7\u00e3o e divulga\u00e7\u00e3o da cultura negra.<\/p>\n<p>Como parte das festividades, no dia 22, \u00e0s 16h, no Espa\u00e7o M\u00e1rio Covas, ser\u00e1 realizado ato de abertura do painel de fotos em homenagem aos parlamentares negros da C\u00e2mara dos Deputados. Est\u00e1 prevista a apresenta\u00e7\u00e3o de n\u00famero musical com Tambor de Crioulo Lua Nova, oficina de turbantes com as professoras Simone Cabral e Adelina Benedita. Quem quiser aprender a usar o adere\u00e7o, pode levar um len\u00e7o, echarpe ou outro pano para fazer os turbantes.<\/p>\n<p>Na quarta-feira, dia 23, est\u00e1 programada a apresenta\u00e7\u00e3o da cantora Martinha do Coco com muito xaxado, forr\u00f3, maracatu e coco, entre outras atividades.<\/p>\n<p>No dia 29, \u00e0s 9h, ser\u00e1 realizada uma sess\u00e3o solene em homenagem ao dia da Consci\u00eancia Negra.<\/p>\n<!-- AddThis Advanced Settings generic via filter on the_content --><!-- AddThis Share Buttons generic via filter on the_content -->","protected":false},"excerpt":{"rendered":"<p>Em comemora\u00e7\u00e3o ao dia da Consci\u00eancia Negra, celebrado anualmente em 20 de novembro, o deputado Dami\u00e3o Feliciano (PDT-PB) prop\u00f4s uma semana \u2013 do dia 22 ao dia 30 de novembro \u2013 com programa\u00e7\u00e3o voltada para a valoriza\u00e7\u00e3o e divulga\u00e7\u00e3o da cultura negra. Como parte das festividades, no dia 22, \u00e0s 16h, no Espa\u00e7o M\u00e1rio Covas,&#8230;<!-- AddThis Advanced Settings generic via filter on wp_trim_excerpt --><!-- AddThis Share Buttons generic via filter on wp_trim_excerpt --><\/p>\n","protected":false},"author":17,"featured_media":0,"comment_status":"open","ping_status":"open","sticky":false,"template":"","format":"standard","meta":{"_monsterinsights_skip_tracking":false,"_monsterinsights_sitenote_active":false,"_monsterinsights_sitenote_note":"","_monsterinsights_sitenote_category":0,"_uf_show_specific_survey":0,"_uf_disable_surveys":false,"footnotes":""},"categories":[1459,976],"tags":[1691,275,38],"class_list":["post-51579","post","type-post","status-publish","format-standard","hentry","category-congresso","category-noticias-em-destaque","tag-consciencia-negra","tag-damiao-feliciano","tag-pdt"],"acf":[],"_links":{"self":[{"href":"https:\/\/pdt-rj.org.br\/index.php\/wp-json\/wp\/v2\/posts\/51579","targetHints":{"allow":["GET"]}}],"collection":[{"href":"https:\/\/pdt-rj.org.br\/index.php\/wp-json\/wp\/v2\/posts"}],"about":[{"href":"https:\/\/pdt-rj.org.br\/index.php\/wp-json\/wp\/v2\/types\/post"}],"author":[{"embeddable":true,"href":"https:\/\/pdt-rj.org.br\/index.php\/wp-json\/wp\/v2\/users\/17"}],"replies":[{"embeddable":true,"href":"https:\/\/pdt-rj.org.br\/index.php\/wp-json\/wp\/v2\/comments?post=51579"}],"version-history":[{"count":1,"href":"https:\/\/pdt-rj.org.br\/index.php\/wp-json\/wp\/v2\/posts\/51579\/revisions"}],"predecessor-version":[{"id":56138,"href":"https:\/\/pdt-rj.org.br\/index.php\/wp-json\/wp\/v2\/posts\/51579\/revisions\/56138"}],"wp:attachment":[{"href":"https:\/\/pdt-rj.org.br\/index.php\/wp-json\/wp\/v2\/media?parent=51579"}],"wp:term":[{"taxonomy":"category","embeddable":true,"href":"https:\/\/pdt-rj.org.br\/index.php\/wp-json\/wp\/v2\/categories?post=51579"},{"taxonomy":"post_tag","embeddable":true,"href":"https:\/\/pdt-rj.org.br\/index.php\/wp-json\/wp\/v2\/tags?post=51579"}],"curies":[{"name":"wp","href":"https:\/\/api.w.org\/{rel}","templated":true}]}}