{"id":51575,"date":"2016-10-11T16:13:49","date_gmt":"2016-10-11T19:13:49","guid":{"rendered":"http:\/\/pdt-rj.org.br\/?p=48912"},"modified":"2017-10-26T09:07:30","modified_gmt":"2017-10-26T11:07:30","slug":"gilmar-sossella-celebra-obrigatoriedade-da-carteira-de-vacinacao-para-matriculas-nas-escolas-de-porto-alegre","status":"publish","type":"post","link":"https:\/\/pdt-rj.org.br\/index.php\/gilmar-sossella-celebra-obrigatoriedade-da-carteira-de-vacinacao-para-matriculas-nas-escolas-de-porto-alegre\/","title":{"rendered":"Gilmar Sossella celebra obrigatoriedade da Carteira de Vacina\u00e7\u00e3o para matr\u00edculas escolares em Porto Alegre"},"content":{"rendered":"<p id=\"yui_3_16_0_1_1476192505257_305769\" class=\"yiv2400673870MsoNormal\"><img loading=\"lazy\" decoding=\"async\" class=\"size-medium wp-image-48913 alignright\" src=\"http:\/\/pdt-rj.org.br\/wp-content\/uploads\/2016\/10\/Gilmar-Sossella-celebra-aprova\u00e7\u00e3o-de-PL-da-Carteira-de-Vacina\u00e7\u00e3o-pela-CCJ-300x285.jpg\" alt=\"Gilmar Sossella celebra aprova\u00e7\u00e3o de PL da Carteira de Vacina\u00e7\u00e3o pela CCJ\" width=\"300\" height=\"285\" \/>O deputado estadual Gilmar Sossella (PDT-RS) celebrou a aprova\u00e7\u00e3o, por unanimidade, da proposta de sua autoria que exige a apresenta\u00e7\u00e3o de Carteira de Vacina\u00e7\u00e3o atualizada para a realiza\u00e7\u00e3o de matr\u00edcula e rematr\u00edcula dos alunos nas redes de ensino p\u00fablica e privada do Rio Grande do Sul.\u00a0O\u00a0Projeto de Lei (PL) 9\/2011 foi aprovado nesta ter\u00e7a-feira (11) pela\u00a0Comiss\u00e3o de Constitui\u00e7\u00e3o e Justi\u00e7a (CCJ) da Assembleia Legislativa\u00a0da capital ga\u00facha.\u00a0<\/p>\n<p id=\"yui_3_16_0_1_1476192505257_305751\" class=\"yiv2400673870MsoNormal\">Sossella ressalta que a vacina\u00e7\u00e3o obrigat\u00f3ria \u00e9 uma pol\u00edtica de sa\u00fade de extrema import\u00e2ncia, sendo a carteira de vacina\u00e7\u00e3o, para as crian\u00e7as e adolescentes, um documento indispens\u00e1vel.<\/p>\n<p class=\"yiv2400673870MsoNormal\">\u201cDa\u00ed a necessidade de controle da aplica\u00e7\u00e3o destas vacinas e, a melhor forma, \u00e9 no momento da matr\u00edcula escolar, cujo amplo alcance possibilita essa verifica\u00e7\u00e3o\u201d, ressaltou o deputado trabalhista.<\/p>\n<p id=\"yui_3_16_0_1_1476192505257_305742\" class=\"yiv2400673870MsoNormal\">A iniciativa, no entanto, n\u00e3o gera a impossibilidade da matr\u00edcula em caso da falta da carteira ou de sua desatualiza\u00e7\u00e3o. \u201c\u00c9, na verdade, uma ferramenta educativa, onde ser\u00e1 feita a recomenda\u00e7\u00e3o para a regulariza\u00e7\u00e3o da carteira de vacina\u00e7\u00e3o, com nova confer\u00eancia no in\u00edcio do ano letivo, sob pena de encaminhamento para o Conselho Tutelar\u201d, explicou Sossella.<\/p>\n<p class=\"yiv2400673870MsoNormal\">O Projeto de Lei foi apresentado ap\u00f3s sugest\u00f5es do Projeto ViaVida Pr\u00f3-Doa\u00e7\u00f5es e Transplantes, por meio\u00a0de sua dire\u00e7\u00e3o, e j\u00e1 \u00e9 vigente em v\u00e1rios munic\u00edpios do Estado, como em Passo Fundo.<\/p>\n<p id=\"yui_3_16_0_1_1476192505257_305786\" class=\"yiv2400673870MsoNormal\">Na CCJ, o PL recebeu parecer favor\u00e1vel do relator, deputado estadual Vilmar Zanchin (PMDB). Tamb\u00e9m disseram sim \u00e0 iniciativa os deputados Manuela D&#8217;\u00c1vila (PCdoB), Elton Weber (PSB), Jo\u00e3o Fischer (PP), Gabriel Souza (PMDB), Adilson Troca (PMDB), Stela Farias (PT) e Luiz Fernando Mainardi (PT).<\/p>\n<!-- AddThis Advanced Settings generic via filter on the_content --><!-- AddThis Share Buttons generic via filter on the_content -->","protected":false},"excerpt":{"rendered":"<p>O deputado estadual Gilmar Sossella (PDT-RS) celebrou a aprova\u00e7\u00e3o, por unanimidade, da proposta de sua autoria que exige a apresenta\u00e7\u00e3o de Carteira de Vacina\u00e7\u00e3o atualizada para a realiza\u00e7\u00e3o de matr\u00edcula e rematr\u00edcula dos alunos nas redes de ensino p\u00fablica e privada do Rio Grande do Sul.\u00a0O\u00a0Projeto de Lei (PL) 9\/2011 foi aprovado nesta ter\u00e7a-feira (11)&#8230;<!-- AddThis Advanced Settings generic via filter on wp_trim_excerpt --><!-- AddThis Share Buttons generic via filter on wp_trim_excerpt --><\/p>\n","protected":false},"author":17,"featured_media":0,"comment_status":"open","ping_status":"open","sticky":false,"template":"","format":"standard","meta":{"_monsterinsights_skip_tracking":false,"_monsterinsights_sitenote_active":false,"_monsterinsights_sitenote_note":"","_monsterinsights_sitenote_category":0,"_uf_show_specific_survey":0,"_uf_disable_surveys":false,"footnotes":""},"categories":[976],"tags":[1628,1173,1629,38],"class_list":["post-51575","post","type-post","status-publish","format-standard","hentry","category-noticias-em-destaque","tag-carteira-de-vacinacao","tag-gilmar-sossella","tag-matricula","tag-pdt"],"acf":[],"_links":{"self":[{"href":"https:\/\/pdt-rj.org.br\/index.php\/wp-json\/wp\/v2\/posts\/51575","targetHints":{"allow":["GET"]}}],"collection":[{"href":"https:\/\/pdt-rj.org.br\/index.php\/wp-json\/wp\/v2\/posts"}],"about":[{"href":"https:\/\/pdt-rj.org.br\/index.php\/wp-json\/wp\/v2\/types\/post"}],"author":[{"embeddable":true,"href":"https:\/\/pdt-rj.org.br\/index.php\/wp-json\/wp\/v2\/users\/17"}],"replies":[{"embeddable":true,"href":"https:\/\/pdt-rj.org.br\/index.php\/wp-json\/wp\/v2\/comments?post=51575"}],"version-history":[{"count":1,"href":"https:\/\/pdt-rj.org.br\/index.php\/wp-json\/wp\/v2\/posts\/51575\/revisions"}],"predecessor-version":[{"id":56179,"href":"https:\/\/pdt-rj.org.br\/index.php\/wp-json\/wp\/v2\/posts\/51575\/revisions\/56179"}],"wp:attachment":[{"href":"https:\/\/pdt-rj.org.br\/index.php\/wp-json\/wp\/v2\/media?parent=51575"}],"wp:term":[{"taxonomy":"category","embeddable":true,"href":"https:\/\/pdt-rj.org.br\/index.php\/wp-json\/wp\/v2\/categories?post=51575"},{"taxonomy":"post_tag","embeddable":true,"href":"https:\/\/pdt-rj.org.br\/index.php\/wp-json\/wp\/v2\/tags?post=51575"}],"curies":[{"name":"wp","href":"https:\/\/api.w.org\/{rel}","templated":true}]}}