{"id":51563,"date":"2017-01-11T17:41:26","date_gmt":"2017-01-11T19:41:26","guid":{"rendered":"http:\/\/pdt-rj.org.br\/?p=51563"},"modified":"2017-01-30T17:52:36","modified_gmt":"2017-01-30T19:52:36","slug":"deputados-assumem-mandatos-de-parlamentares-que-se-elegeram-nos-municipios","status":"publish","type":"post","link":"https:\/\/pdt-rj.org.br\/index.php\/deputados-assumem-mandatos-de-parlamentares-que-se-elegeram-nos-municipios\/","title":{"rendered":"Deputados do PDT assumem mandatos de parlamentares que se elegeram nos munic\u00edpios"},"content":{"rendered":"<p>Oito deputados federais foram empossados, no in\u00edcio deste m\u00eas, na vaga dos \u00a0parlamentares que se afastaram do mandato para assumir cargos municipais. Do PDT, Vicente Arruda, que ocupava a vaga como suplente desde 2015, foi efetivado, e Ariosto Holanda reassume como suplente.<\/p>\n<p>No total, 21 parlamentares deixaram a C\u00e2mara em virtude das elei\u00e7\u00f5es municipais. 15 para assumir o cargo de prefeito, quatro para assumir o cargo de vice-prefeito e dois para assumir o cargo de prefeito de capital.\u00a0Entre os substitutos, nove j\u00e1 exerciam o mandato como suplentes, tendo sido substitu\u00eddos por outros suplentes.<\/p>\n<p><strong>Perfis<\/strong><\/p>\n<p><strong><img loading=\"lazy\" decoding=\"async\" class=\"alignnone size-medium wp-image-51568 alignleft\" src=\"http:\/\/pdt-rj.org.br\/wp-content\/uploads\/2017\/01\/Vicente-Arruda-300x197.jpg\" alt=\"\" width=\"300\" height=\"197\" srcset=\"https:\/\/pdt-rj.org.br\/wp-content\/uploads\/2017\/01\/Vicente-Arruda-300x197.jpg 300w, https:\/\/pdt-rj.org.br\/wp-content\/uploads\/2017\/01\/Vicente-Arruda-100x66.jpg 100w, https:\/\/pdt-rj.org.br\/wp-content\/uploads\/2017\/01\/Vicente-Arruda-768x504.jpg 768w, https:\/\/pdt-rj.org.br\/wp-content\/uploads\/2017\/01\/Vicente-Arruda.jpg 1024w, https:\/\/pdt-rj.org.br\/wp-content\/uploads\/2017\/01\/Vicente-Arruda-137x90.jpg 137w\" sizes=\"auto, (max-width: 300px) 100vw, 300px\" \/>Vicente Arruda<\/strong><\/p>\n<p>Vicente Ferreira de Arruda Coelho nasceu em 1929 em Granja, no Cear\u00e1. Advogado, Jornalista e Cientista Pol\u00edtico, ele\u00a0est\u00e1 em seu sexto mandato consecutivo como deputado federal.\u00a0Na C\u00e2mara, atuou em in\u00fameras frentes, participando, entre outras, das comiss\u00f5es de Constitui\u00e7\u00e3o e Justi\u00e7a, de Rela\u00e7\u00f5es Exteriores, de Ci\u00eancia e Tecnologia, de Direitos Humanos, al\u00e9m de integrar v\u00e1rias comiss\u00f5es especiais relacionadas \u00e0 administra\u00e7\u00e3o p\u00fablica, ao direito do trabalho e \u00e0 defesa dos direitos das minorias.<\/p>\n<p>&nbsp;<\/p>\n<p><strong> <img loading=\"lazy\" decoding=\"async\" class=\"alignnone size-medium wp-image-39638 alignleft\" src=\"http:\/\/pdt-rj.org.br\/wp-content\/uploads\/2016\/04\/ariosto-holanda-300x195.jpg\" alt=\"ariosto-holanda\" width=\"300\" height=\"195\" \/>Ariosto Holanda<\/strong><\/p>\n<p>Natural de Limoeiro do Norte, Cear\u00e1, Francisco Ariosto Holanda, \u00e9 formado em Engenharia Civil pela Universidade Federal do Cear\u00e1 (UFC), com especializa\u00e7\u00e3o em Instrumenta\u00e7\u00e3o de Processos Industriais da Petrobras pela UFBA e p\u00f3s-graduado em Engenharia Biom\u00e9dica pela COPPE da UFRJ.\u00a0Iniciou na vida p\u00fablica como secretario da Ind\u00fastria e Com\u00e9rcio do Estado do Cear\u00e1, (1987-1989). Em\u00a01990, elegeu-se deputado federal. Em 1994 assumiu como suplente, sendo efetivado no mandato em 1995. Foi reeleito em 1998, 2003 e 2006.<\/p>\n<p>Trabalhou na Companhia Energ\u00e9tica do Cear\u00e1 e na Petrobras. Foi professor na UFC \u00a0e\u00a0tamb\u00e9m exerceu o magist\u00e9rio na Universidade de Fortaleza. Atuou ainda como conselheiro da Associa\u00e7\u00e3o Brasileira das Institui\u00e7\u00f5es de Pesquisas Tecnol\u00f3gicas Industriais (2005-2006) e do Centro de Tecnologia Mineral do Minist\u00e9rio da Ci\u00eancia e Tecnologia (2004-2006). Foi condecorado em 2007 com a Medalha do Reconhecimento do Governo Federal por sua contribui\u00e7\u00e3o para o desenvolvimento da ci\u00eancia e tecnologia no Cear\u00e1.<\/p>\n<!-- AddThis Advanced Settings generic via filter on the_content --><!-- AddThis Share Buttons generic via filter on the_content -->","protected":false},"excerpt":{"rendered":"<p>Oito deputados federais foram empossados, no in\u00edcio deste m\u00eas, na vaga dos \u00a0parlamentares que se afastaram do mandato para assumir cargos municipais. Do PDT, Vicente Arruda, que ocupava a vaga como suplente desde 2015, foi efetivado, e Ariosto Holanda reassume como suplente. No total, 21 parlamentares deixaram a C\u00e2mara em virtude das elei\u00e7\u00f5es municipais. 15&#8230;<!-- AddThis Advanced Settings generic via filter on wp_trim_excerpt --><!-- AddThis Share Buttons generic via filter on wp_trim_excerpt --><\/p>\n","protected":false},"author":17,"featured_media":0,"comment_status":"open","ping_status":"open","sticky":false,"template":"","format":"standard","meta":{"_monsterinsights_skip_tracking":false,"_monsterinsights_sitenote_active":false,"_monsterinsights_sitenote_note":"","_monsterinsights_sitenote_category":0,"_uf_show_specific_survey":0,"_uf_disable_surveys":false,"footnotes":""},"categories":[1459],"tags":[128,350,38,1084],"class_list":["post-51563","post","type-post","status-publish","format-standard","hentry","category-congresso","tag-ariosto-holanda","tag-eleicoes-municipais","tag-pdt","tag-vicente-arruda"],"acf":[],"_links":{"self":[{"href":"https:\/\/pdt-rj.org.br\/index.php\/wp-json\/wp\/v2\/posts\/51563","targetHints":{"allow":["GET"]}}],"collection":[{"href":"https:\/\/pdt-rj.org.br\/index.php\/wp-json\/wp\/v2\/posts"}],"about":[{"href":"https:\/\/pdt-rj.org.br\/index.php\/wp-json\/wp\/v2\/types\/post"}],"author":[{"embeddable":true,"href":"https:\/\/pdt-rj.org.br\/index.php\/wp-json\/wp\/v2\/users\/17"}],"replies":[{"embeddable":true,"href":"https:\/\/pdt-rj.org.br\/index.php\/wp-json\/wp\/v2\/comments?post=51563"}],"version-history":[{"count":5,"href":"https:\/\/pdt-rj.org.br\/index.php\/wp-json\/wp\/v2\/posts\/51563\/revisions"}],"predecessor-version":[{"id":52638,"href":"https:\/\/pdt-rj.org.br\/index.php\/wp-json\/wp\/v2\/posts\/51563\/revisions\/52638"}],"wp:attachment":[{"href":"https:\/\/pdt-rj.org.br\/index.php\/wp-json\/wp\/v2\/media?parent=51563"}],"wp:term":[{"taxonomy":"category","embeddable":true,"href":"https:\/\/pdt-rj.org.br\/index.php\/wp-json\/wp\/v2\/categories?post=51563"},{"taxonomy":"post_tag","embeddable":true,"href":"https:\/\/pdt-rj.org.br\/index.php\/wp-json\/wp\/v2\/tags?post=51563"}],"curies":[{"name":"wp","href":"https:\/\/api.w.org\/{rel}","templated":true}]}}