{"id":51549,"date":"2017-01-10T16:34:24","date_gmt":"2017-01-10T18:34:24","guid":{"rendered":"http:\/\/pdt-rj.org.br\/?p=51549"},"modified":"2017-01-22T00:41:42","modified_gmt":"2017-01-22T02:41:42","slug":"weverton-rocha-diz-que-e-hora-de-trabalhar-para-o-pais-crescer","status":"publish","type":"post","link":"https:\/\/pdt-rj.org.br\/index.php\/weverton-rocha-diz-que-e-hora-de-trabalhar-para-o-pais-crescer\/","title":{"rendered":"Weverton Rocha diz que \u00e9 hora de trabalhar para o Pa\u00eds crescer"},"content":{"rendered":"<p>Durante entrevista \u00e0 r\u00e1dio Jovem Pan de S\u00e3o Lu\u00eds, concedida na segunda-feira (09), o l\u00edder do PDT na C\u00e2mara dos Deputados, <a href=\"https:\/\/www.facebook.com\/wevertonrocha12\/?fref=ts\">Weverton Rocha<\/a> (MA), debateu pontos importantes de sua atua\u00e7\u00e3o parlamentar, al\u00e9m de temas pol\u00eamicos como a Reforma da Previd\u00eancia \u2013 emenda que inclui nas 10 Medidas de Combate \u00e0 Corrup\u00e7\u00e3o o abuso de autoridade por parte de membros do Poder Judici\u00e1rio e do Minist\u00e9rio P\u00fablico, as elei\u00e7\u00f5es do pr\u00f3ximo ano e a PEC 55.<\/p>\n<p>Para o deputado, \u00e9 preciso que todos os setores da sociedade reajam, principalmente o governo, para que o Brasil reencontre o f\u00f4lego e volte a crescer. \u201cN\u00e3o \u00e9 justo que apenas os trabalhadores paguem por esta conta. Eu apoio que as grandes fortunas, os milion\u00e1rios, por exemplo, ajudem a contornar a crise com uma parcela maior\u201d, disse Weverton Rocha.<\/p>\n<p>O parlamentar tamb\u00e9m afirmou que o PDT deve exercer o papel de oposi\u00e7\u00e3o respons\u00e1vel. \u201cTorcer para esse governo, mesmo que ileg\u00edtimo, d\u00ea errado \u00e9\u00a0estar contra a popula\u00e7\u00e3o. \u00c9 hora de trabalharmos para voltar a crescer. Somos oposi\u00e7\u00e3o, mas somos respons\u00e1veis. Pautas importantes para o crescimento do Pa\u00eds, podem sim contar com o apoio do PDT.\u201d<\/p>\n<p>Por fim, Weverton Rocha falou sobre a import\u00e2ncia da transpar\u00eancia de \u00f3rg\u00e3os, como a C\u00e2mara, que servem \u00e0 popula\u00e7\u00e3o. \u201cSe o cidad\u00e3o brasileiro acessar o Portal da Transpar\u00eancia vai encontrar tudo o que \u00e9 gasto pelos gabinetes. Al\u00e9m disso, sou um dos poucos deputados que possui um aplicativo de celular. Acredito no di\u00e1logo e na transpar\u00eancia\u201d, completou.<\/p>\n<!-- AddThis Advanced Settings generic via filter on the_content --><!-- AddThis Share Buttons generic via filter on the_content -->","protected":false},"excerpt":{"rendered":"<p>Durante entrevista \u00e0 r\u00e1dio Jovem Pan de S\u00e3o Lu\u00eds, concedida na segunda-feira (09), o l\u00edder do PDT na C\u00e2mara dos Deputados, Weverton Rocha (MA), debateu pontos importantes de sua atua\u00e7\u00e3o parlamentar, al\u00e9m de temas pol\u00eamicos como a Reforma da Previd\u00eancia \u2013 emenda que inclui nas 10 Medidas de Combate \u00e0 Corrup\u00e7\u00e3o o abuso de autoridade&#8230;<!-- AddThis Advanced Settings generic via filter on wp_trim_excerpt --><!-- AddThis Share Buttons generic via filter on wp_trim_excerpt --><\/p>\n","protected":false},"author":17,"featured_media":51550,"comment_status":"open","ping_status":"open","sticky":false,"template":"","format":"standard","meta":{"_monsterinsights_skip_tracking":false,"_monsterinsights_sitenote_active":false,"_monsterinsights_sitenote_note":"","_monsterinsights_sitenote_category":0,"_uf_show_specific_survey":0,"_uf_disable_surveys":false,"footnotes":""},"categories":[1390,1459],"tags":[1840,1731,38,1780,1773,962],"class_list":["post-51549","post","type-post","status-publish","format-standard","has-post-thumbnail","hentry","category-editorias","category-congresso","tag-10-medidas-de-combate-a-corrupcao","tag-abuso-de-autoridade","tag-pdt","tag-pec-55","tag-reforma-da-previdencia","tag-weverton-rocha"],"acf":[],"_links":{"self":[{"href":"https:\/\/pdt-rj.org.br\/index.php\/wp-json\/wp\/v2\/posts\/51549","targetHints":{"allow":["GET"]}}],"collection":[{"href":"https:\/\/pdt-rj.org.br\/index.php\/wp-json\/wp\/v2\/posts"}],"about":[{"href":"https:\/\/pdt-rj.org.br\/index.php\/wp-json\/wp\/v2\/types\/post"}],"author":[{"embeddable":true,"href":"https:\/\/pdt-rj.org.br\/index.php\/wp-json\/wp\/v2\/users\/17"}],"replies":[{"embeddable":true,"href":"https:\/\/pdt-rj.org.br\/index.php\/wp-json\/wp\/v2\/comments?post=51549"}],"version-history":[{"count":11,"href":"https:\/\/pdt-rj.org.br\/index.php\/wp-json\/wp\/v2\/posts\/51549\/revisions"}],"predecessor-version":[{"id":52313,"href":"https:\/\/pdt-rj.org.br\/index.php\/wp-json\/wp\/v2\/posts\/51549\/revisions\/52313"}],"wp:featuredmedia":[{"embeddable":true,"href":"https:\/\/pdt-rj.org.br\/index.php\/wp-json\/wp\/v2\/media\/51550"}],"wp:attachment":[{"href":"https:\/\/pdt-rj.org.br\/index.php\/wp-json\/wp\/v2\/media?parent=51549"}],"wp:term":[{"taxonomy":"category","embeddable":true,"href":"https:\/\/pdt-rj.org.br\/index.php\/wp-json\/wp\/v2\/categories?post=51549"},{"taxonomy":"post_tag","embeddable":true,"href":"https:\/\/pdt-rj.org.br\/index.php\/wp-json\/wp\/v2\/tags?post=51549"}],"curies":[{"name":"wp","href":"https:\/\/api.w.org\/{rel}","templated":true}]}}