{"id":51451,"date":"2016-12-30T00:47:11","date_gmt":"2016-12-30T02:47:11","guid":{"rendered":"http:\/\/pdt-rj.org.br\/?p=51451"},"modified":"2017-01-30T17:58:07","modified_gmt":"2017-01-30T19:58:07","slug":"um-chamado-a-reflexao-das-oposicoes","status":"publish","type":"post","link":"https:\/\/pdt-rj.org.br\/index.php\/um-chamado-a-reflexao-das-oposicoes\/","title":{"rendered":"Carlos Lupi &#8211; Um chamado \u00e0 reflex\u00e3o das oposi\u00e7\u00f5es"},"content":{"rendered":"<p>Diante de um quadro complexo que se aproxima em 2017, onde as demandas para que o Brasil reencontre o crescimento econ\u00f4mico, resgate compromissos sociais e recupere a credibilidade das institui\u00e7\u00f5es, o PDT vem a p\u00fablico se dirigir ao campo oposicionista ao atual governo de Michel Temer, e convocar para uma reflex\u00e3o sobre as elei\u00e7\u00f5es para a presid\u00eancia da C\u00e2mara dos Deputados.<\/p>\n<p>Nesta an\u00e1lise, \u00e9 leg\u00edtimo e necess\u00e1rio que os partidos de oposi\u00e7\u00e3o ofere\u00e7am um nome que represente o campo democr\u00e1tico, hoje formado pelo PT, PCdoB, PSOL e REDE, al\u00e9m do pr\u00f3prio PDT. Do mesmo modo, para al\u00e9m destes partidos, abrimos o di\u00e1logo com o PSB e outros parlamentares descontentes com a forma como a C\u00e2mara dos Deputados tem sido conduzida. Assim, o PDT apresenta para a disputa \u00e0 presid\u00eancia da Casa o deputado cearense Andr\u00e9 Figueiredo, que foi l\u00edder do partido na C\u00e2mara, ex-Ministro das Comunica\u00e7\u00f5es e atual vice-presidente nacional da legenda.<\/p>\n<p>O PDT ressalta que o respeito aos anseios da sociedade precisa balizar as atividades parlamentares, inclusive no que se refere aos debates das pautas contra direitos do cidad\u00e3o, como \u00e9 o caso da reforma da previd\u00eancia e a reforma trabalhista, assuntos t\u00e3o caros aos que levantam a bandeira do trabalhismo, como tamb\u00e9m para os partidos aqui citados. A postura subserviente e alinhada da atual presid\u00eancia da C\u00e2mara, comprometida em garantir vota\u00e7\u00e3o de mat\u00e9rias no afogadilho, como ocorreu no caso da PEC 241, n\u00e3o pode mais encontrar guarida no Congresso Nacional. A C\u00e2mara \u00e9 uma Casa de debates, e n\u00e3o imposi\u00e7\u00f5es.<\/p>\n<p>Pelo conjunto dessas preocupa\u00e7\u00f5es, de forma franca, aberta, fraterna e democr\u00e1tica, o PDT intensificar\u00e1 nos pr\u00f3ximos dias as conversa\u00e7\u00f5es com os partidos do campo democr\u00e1tico, esperando assim construir uma for\u00e7a capaz de polarizar a disputa e qualificar o debate pol\u00edtico.<\/p>\n<p>&nbsp;<\/p>\n<p style=\"text-align: left;\"><strong>*Carlos Roberto Lupi \u00e9 ex-ministro do Trabalho e emprego e\u00a0<\/strong><strong>Presidente Nacional do PDT.<\/strong><\/p>\n<!-- AddThis Advanced Settings generic via filter on the_content --><!-- AddThis Share Buttons generic via filter on the_content -->","protected":false},"excerpt":{"rendered":"<p>Diante de um quadro complexo que se aproxima em 2017, onde as demandas para que o Brasil reencontre o crescimento econ\u00f4mico, resgate compromissos sociais e recupere a credibilidade das institui\u00e7\u00f5es, o PDT vem a p\u00fablico se dirigir ao campo oposicionista ao atual governo de Michel Temer, e convocar para uma reflex\u00e3o sobre as elei\u00e7\u00f5es para&#8230;<!-- AddThis Advanced Settings generic via filter on wp_trim_excerpt --><!-- AddThis Share Buttons generic via filter on wp_trim_excerpt --><\/p>\n","protected":false},"author":17,"featured_media":51463,"comment_status":"open","ping_status":"open","sticky":false,"template":"","format":"standard","meta":{"_monsterinsights_skip_tracking":false,"_monsterinsights_sitenote_active":false,"_monsterinsights_sitenote_note":"","_monsterinsights_sitenote_category":0,"_uf_show_specific_survey":0,"_uf_disable_surveys":false,"footnotes":""},"categories":[1584,1390],"tags":[34,1817,1818,196,1819,611,1820,38,1460,1821],"class_list":["post-51451","post","type-post","status-publish","format-standard","has-post-thumbnail","hentry","category-artigos","category-editorias","tag-andre-figueiredo","tag-anseios-da-sociedade","tag-atividades-parlamentares","tag-carlos-lupi","tag-dialogo-politico","tag-michel-temer","tag-partidos-de-oposicao","tag-pdt","tag-pec-241","tag-presidencia-da-camara-dos-deputados"],"acf":[],"_links":{"self":[{"href":"https:\/\/pdt-rj.org.br\/index.php\/wp-json\/wp\/v2\/posts\/51451","targetHints":{"allow":["GET"]}}],"collection":[{"href":"https:\/\/pdt-rj.org.br\/index.php\/wp-json\/wp\/v2\/posts"}],"about":[{"href":"https:\/\/pdt-rj.org.br\/index.php\/wp-json\/wp\/v2\/types\/post"}],"author":[{"embeddable":true,"href":"https:\/\/pdt-rj.org.br\/index.php\/wp-json\/wp\/v2\/users\/17"}],"replies":[{"embeddable":true,"href":"https:\/\/pdt-rj.org.br\/index.php\/wp-json\/wp\/v2\/comments?post=51451"}],"version-history":[{"count":7,"href":"https:\/\/pdt-rj.org.br\/index.php\/wp-json\/wp\/v2\/posts\/51451\/revisions"}],"predecessor-version":[{"id":52642,"href":"https:\/\/pdt-rj.org.br\/index.php\/wp-json\/wp\/v2\/posts\/51451\/revisions\/52642"}],"wp:featuredmedia":[{"embeddable":true,"href":"https:\/\/pdt-rj.org.br\/index.php\/wp-json\/wp\/v2\/media\/51463"}],"wp:attachment":[{"href":"https:\/\/pdt-rj.org.br\/index.php\/wp-json\/wp\/v2\/media?parent=51451"}],"wp:term":[{"taxonomy":"category","embeddable":true,"href":"https:\/\/pdt-rj.org.br\/index.php\/wp-json\/wp\/v2\/categories?post=51451"},{"taxonomy":"post_tag","embeddable":true,"href":"https:\/\/pdt-rj.org.br\/index.php\/wp-json\/wp\/v2\/tags?post=51451"}],"curies":[{"name":"wp","href":"https:\/\/api.w.org\/{rel}","templated":true}]}}