{"id":51434,"date":"2016-12-27T19:12:30","date_gmt":"2016-12-27T21:12:30","guid":{"rendered":"http:\/\/pdt-rj.org.br\/?p=51434"},"modified":"2017-02-15T11:28:59","modified_gmt":"2017-02-15T13:28:59","slug":"andre-figueiredo-sera-candidato-a-presidencia-da-camara","status":"publish","type":"post","link":"https:\/\/pdt-rj.org.br\/index.php\/andre-figueiredo-sera-candidato-a-presidencia-da-camara\/","title":{"rendered":"Andr\u00e9 Figueiredo \u00e9 o candidato do PDT \u00e0 presid\u00eancia da C\u00e2mara dos Deputados"},"content":{"rendered":"<p>Ex-ministro das Comunica\u00e7\u00f5es no governo de Dilma Rousseff (PT), o deputado <a href=\"https:\/\/www.facebook.com\/DeputadoAndreFigueiredo\/?fref=ts\">Andr\u00e9 Figueiredo<\/a> \u00e9 o nome un\u00e2nime do PDT para concorrer \u00e0 presid\u00eancia da <a href=\"https:\/\/www.facebook.com\/camaradeputados\/?fref=ts\">C\u00e2mara dos Deputados<\/a>. O presidente da legenda no Cear\u00e1 j\u00e1 tem pelo menos dois concorrentes confirmados: o atual presidente da C\u00e2mara, Rodrigo Maia (DEM-RJ), aliado do presidente Michel Temer (PMDB), e Rog\u00e9rio Rosso (PSD-DF), que confirmaram candidatura.<\/p>\n<p>De acordo com o presidente nacional do PDT, Carlos Lupi, Figueiredo tem o apoio de toda a bancada do PDT e deve conseguir tamb\u00e9m o dos deputados do PT e do PCdoB. \u201cCome\u00e7amos a costurar isso (a candidatura) h\u00e1 mais ou menos uma semana, estamos conversando com a nossa base de aliados, e as conversas foram boas\u201d, disse.<\/p>\n<p>Figueiredo n\u00e3o se considera um candidato de oposi\u00e7\u00e3o, mas um candidato que vai buscar fortalecer o Legislativo. \u201cMesmo o PDT sendo atualmente um partido de oposi\u00e7\u00e3o, na condi\u00e7\u00e3o de candidato \u00e0 presid\u00eancia da C\u00e2mara, ter\u00edamos um bom di\u00e1logo com o poder Executivo, o presidente da Rep\u00fablica e muitos de seus ministros\u201d, afirmou.<\/p>\n<p><strong>PT e PCdoB<\/strong><\/p>\n<p>Com 20 cadeiras na Casa, o PDT depende sobretudo de acordo com o PT, que tem 58 deputados federais. O deputado federal Jos\u00e9 Guimar\u00e3es (PT), l\u00edder da minoria na C\u00e2mara, afirmou que \u00e9 simp\u00e1tico \u00e0 candidatura de Figueiredo, mas que a decis\u00e3o dever\u00e1 ser tomada coletivamente pelos petistas.<\/p>\n<p>\u201cN\u00f3s vamos trabalhar para manter o PT e o PDT unidos, eu acho que o nome dele \u00e9 uma boa ideia. Mas n\u00e3o posso antecipar nenhuma decis\u00e3o do PT por enquanto, porque a bancada ainda vai se reunir e discutir essa quest\u00e3o\u201d, disse.<\/p>\n<p>Quem tamb\u00e9m v\u00ea como positiva a candidatura do pedetista \u00e9 o deputado federal Chico Lopes (PCdoB), que diz que \u201cseria bom se a presid\u00eancia ficasse com um cearense\u201d. Partido aliado ao PT e PDT, o PCdoB s\u00f3 deve tomar decis\u00e3o sobre isso ap\u00f3s a volta do recesso, em janeiro.<\/p>\n<p><strong>Disputa<\/strong><\/p>\n<p>Andr\u00e9 Figueiredo n\u00e3o esperou o fim do recesso e j\u00e1 tem conversado com deputados e lideran\u00e7as de partidos aliados. Ele tamb\u00e9m busca apoio da Rede e do Psol. J\u00e1 nesta segunda-feira, 26, o deputado passar\u00e1 o dia inteiro em reuni\u00f5es, de acordo com sua assessoria de imprensa, e n\u00e3o atendeu os telefonemas do Blog Pol\u00edtica.<\/p>\n<p>Ao portal de not\u00edcias G1, ele criticou candidatura de Rodrigo Maia, dizendo que \u201ctem inconstitucionalidade na reelei\u00e7\u00e3o dele\u201d, mas tamb\u00e9m admitiu que ele \u201c\u00e9 o candidato mais forte at\u00e9 porque tem simpatia do Governo Federal\u201d.<\/p>\n<p>Al\u00e9m de Maia e de Rosso, quem tamb\u00e9m est\u00e1 se articulando para concorrer ao cargo \u00e9 o Jovair Arantes (PTB-GO), de acordo com informa\u00e7\u00f5es de bastidores. O deputado, por\u00e9m, j\u00e1 declarou que n\u00e3o pretende se candidatar. Se os rumores forem verdadeiros, no entanto, a candidatura de ambos pode dividir o chamado \u201cCentr\u00e3o\u201d e fortalecer o nome do cearense.<\/p>\n<!-- AddThis Advanced Settings generic via filter on the_content --><!-- AddThis Share Buttons generic via filter on the_content -->","protected":false},"excerpt":{"rendered":"<p>Ex-ministro das Comunica\u00e7\u00f5es no governo de Dilma Rousseff (PT), o deputado Andr\u00e9 Figueiredo \u00e9 o nome un\u00e2nime do PDT para concorrer \u00e0 presid\u00eancia da C\u00e2mara dos Deputados. O presidente da legenda no Cear\u00e1 j\u00e1 tem pelo menos dois concorrentes confirmados: o atual presidente da C\u00e2mara, Rodrigo Maia (DEM-RJ), aliado do presidente Michel Temer (PMDB), e&#8230;<!-- AddThis Advanced Settings generic via filter on wp_trim_excerpt --><!-- AddThis Share Buttons generic via filter on wp_trim_excerpt --><\/p>\n","protected":false},"author":17,"featured_media":51436,"comment_status":"open","ping_status":"open","sticky":false,"template":"","format":"standard","meta":{"_monsterinsights_skip_tracking":false,"_monsterinsights_sitenote_active":false,"_monsterinsights_sitenote_note":"","_monsterinsights_sitenote_category":0,"_uf_show_specific_survey":0,"_uf_disable_surveys":false,"footnotes":""},"categories":[1459],"tags":[34,196,38,1816],"class_list":["post-51434","post","type-post","status-publish","format-standard","has-post-thumbnail","hentry","category-congresso","tag-andre-figueiredo","tag-carlos-lupi","tag-pdt","tag-presidencia-da-camara"],"acf":[],"_links":{"self":[{"href":"https:\/\/pdt-rj.org.br\/index.php\/wp-json\/wp\/v2\/posts\/51434","targetHints":{"allow":["GET"]}}],"collection":[{"href":"https:\/\/pdt-rj.org.br\/index.php\/wp-json\/wp\/v2\/posts"}],"about":[{"href":"https:\/\/pdt-rj.org.br\/index.php\/wp-json\/wp\/v2\/types\/post"}],"author":[{"embeddable":true,"href":"https:\/\/pdt-rj.org.br\/index.php\/wp-json\/wp\/v2\/users\/17"}],"replies":[{"embeddable":true,"href":"https:\/\/pdt-rj.org.br\/index.php\/wp-json\/wp\/v2\/comments?post=51434"}],"version-history":[{"count":4,"href":"https:\/\/pdt-rj.org.br\/index.php\/wp-json\/wp\/v2\/posts\/51434\/revisions"}],"predecessor-version":[{"id":52267,"href":"https:\/\/pdt-rj.org.br\/index.php\/wp-json\/wp\/v2\/posts\/51434\/revisions\/52267"}],"wp:featuredmedia":[{"embeddable":true,"href":"https:\/\/pdt-rj.org.br\/index.php\/wp-json\/wp\/v2\/media\/51436"}],"wp:attachment":[{"href":"https:\/\/pdt-rj.org.br\/index.php\/wp-json\/wp\/v2\/media?parent=51434"}],"wp:term":[{"taxonomy":"category","embeddable":true,"href":"https:\/\/pdt-rj.org.br\/index.php\/wp-json\/wp\/v2\/categories?post=51434"},{"taxonomy":"post_tag","embeddable":true,"href":"https:\/\/pdt-rj.org.br\/index.php\/wp-json\/wp\/v2\/tags?post=51434"}],"curies":[{"name":"wp","href":"https:\/\/api.w.org\/{rel}","templated":true}]}}