{"id":51382,"date":"2016-12-21T15:22:45","date_gmt":"2016-12-21T17:22:45","guid":{"rendered":"http:\/\/pdt-rj.org.br\/?post_type=artigo&#038;p=51382"},"modified":"2017-01-26T17:21:24","modified_gmt":"2017-01-26T19:21:24","slug":"a-reforma-da-previdencia-e-uma-proposta-abusiva","status":"publish","type":"post","link":"https:\/\/pdt-rj.org.br\/index.php\/a-reforma-da-previdencia-e-uma-proposta-abusiva\/","title":{"rendered":"A Reforma da Previd\u00eancia \u00e9 uma proposta abusiva"},"content":{"rendered":"<p>O Brasil est\u00e1 vivendo uma crise econ\u00f4mica. Este \u00e9 um fato com o qual todos concordamos. No entanto, a sa\u00edda para a crise n\u00e3o \u00e9 uma unanimidade. Sacrif\u00edcios precisam ser feitos principalmente pelos segmentos da sociedade que tenham condi\u00e7\u00f5es de faz\u00ea-los, protegendo os que j\u00e1 t\u00eam muito pouco para abrir m\u00e3o de qualquer coisa. O atual governo federal, no entanto, optou por entregar a conta da crise para os trabalhadores, sem dividi-la com o capital financeiro e com o pr\u00f3prio governo.<\/p>\n<p>Depois de aprovar uma abusiva proposta de emenda constitucional que corta gastos em setores estrat\u00e9gicos como sa\u00fade e educa\u00e7\u00e3o, o presidente Michel Temer enviou ao Congresso uma proposta de reforma da Previd\u00eancia que beira ao absurdo, por tornar imposs\u00edvel a aposentadoria para a maior parte da popula\u00e7\u00e3o.<\/p>\n<p>S\u00e3o muitos os problemas com essa proposta. O presidente, que n\u00e3o passou pelo teste das urnas, n\u00e3o tem legitimidade para apresenta-la. As regras n\u00e3o podem ser aplicadas igualmente em um pa\u00eds onde h\u00e1 enormes desigualdades regionais. A Previd\u00eancia n\u00e3o \u00e9 t\u00e3o deficit\u00e1ria como apregoa o governo. E o mais importante, o assunto n\u00e3o foi amplamente debatido.<\/p>\n<p>Da forma como est\u00e1 a proposta hoje, a idade m\u00ednima para aposentadoria ser\u00e1 de 65 anos. Para se aposentar recebendo o valor integral, no teto m\u00e1ximo de R$ 5.189,82, o cidad\u00e3o ter\u00e1 que trabalhar por 49 anos, quase meio s\u00e9culo. Para se aposentar aos 65 anos com valor integral, o trabalhador ter\u00e1 que assinar a carteira aos 16 anos e n\u00e3o ficar desempregado por nem um ano ao longo da vida. Miss\u00e3o imposs\u00edvel. A situa\u00e7\u00e3o \u00e9 ainda pior quando a regra \u00e9 aplicada ao Maranh\u00e3o, estado que tem a pior expectativa de vida do Pa\u00eds, que \u00e9 de 70 anos. Uma vida inteira contribuindo com o INSS para gozar poucos anos de aposentadoria. Isso \u00e9 inaceit\u00e1vel.<\/p>\n<p>N\u00e3o h\u00e1 razoabilidade em entregar uma conta t\u00e3o alta para o trabalhador pagar. Ainda mais quando a fatura apresentada est\u00e1 inflada por um falso d\u00e9ficit. O Governo Federal fala em rombo bilion\u00e1rio na Previd\u00eancia, mas n\u00e3o esclarece que para chegar a esse resultado ignora a Desvincula\u00e7\u00e3o de Receitas da Uni\u00e3o, que lhe permite usar parte dos recursos de tributos e contribui\u00e7\u00f5es, que deveriam ir para a Seguridade Social \u2013 Previd\u00eancia, Educa\u00e7\u00e3o e Sa\u00fade, para pagar d\u00edvidas da Uni\u00e3o. Na pr\u00e1tica, o cidad\u00e3o vai trabalhar at\u00e9 morrer porque o dinheiro da sua aposentadoria \u00e9 usado para pagar d\u00edvidas com o j\u00e1 bilion\u00e1rio setor financeiro.<\/p>\n<p>O PDT j\u00e1 anunciou que \u00e9 contra a medida. Como l\u00edder do partido e como deputado do Maranh\u00e3o, vou me debru\u00e7ar sobre a proposta, reunir com os setores representativos da sociedade, colher sugest\u00f5es e lutar para que n\u00e3o seja aprovado mais um golpe no direito do povo. A reforma precisa ser feita, afinal a popula\u00e7\u00e3o brasileira est\u00e1, felizmente, vivendo mais e \u00e9 necess\u00e1rio planejar o futuro. Mas como todo planejamento, \u00e9 fundamental medir as vari\u00e1veis e dividir a fatura entre todos, de acordo com suas possibilidades. E no que depender de mim, os trabalhadores n\u00e3o pagar\u00e3o a conta sozinhos.<\/p>\n<p>&nbsp;<\/p>\n<p><strong><em>*Weverton Rocha \u00e9 deputado federal e l\u00edder do PDT na C\u00e2mara dos Deputados<\/em><\/strong><\/p>\n<!-- AddThis Advanced Settings generic via filter on the_content --><!-- AddThis Share Buttons generic via filter on the_content -->","protected":false},"excerpt":{"rendered":"<p>O Brasil est\u00e1 vivendo uma crise econ\u00f4mica. Este \u00e9 um fato com o qual todos concordamos. No entanto, a sa\u00edda para a crise n\u00e3o \u00e9 uma unanimidade. Sacrif\u00edcios precisam ser feitos principalmente pelos segmentos da sociedade que tenham condi\u00e7\u00f5es de faz\u00ea-los, protegendo os que j\u00e1 t\u00eam muito pouco para abrir m\u00e3o de qualquer coisa. O&#8230;<!-- AddThis Advanced Settings generic via filter on wp_trim_excerpt --><!-- AddThis Share Buttons generic via filter on wp_trim_excerpt --><\/p>\n","protected":false},"author":17,"featured_media":0,"comment_status":"closed","ping_status":"closed","sticky":false,"template":"","format":"standard","meta":{"_monsterinsights_skip_tracking":false,"_monsterinsights_sitenote_active":false,"_monsterinsights_sitenote_note":"","_monsterinsights_sitenote_category":0,"_uf_show_specific_survey":0,"_uf_disable_surveys":false,"footnotes":""},"categories":[1584],"tags":[1887,38,1888,1773,962],"class_list":["post-51382","post","type-post","status-publish","format-standard","hentry","category-artigos","tag-inss","tag-pdt","tag-proposta-abusiva","tag-reforma-da-previdencia","tag-weverton-rocha"],"acf":[],"_links":{"self":[{"href":"https:\/\/pdt-rj.org.br\/index.php\/wp-json\/wp\/v2\/posts\/51382","targetHints":{"allow":["GET"]}}],"collection":[{"href":"https:\/\/pdt-rj.org.br\/index.php\/wp-json\/wp\/v2\/posts"}],"about":[{"href":"https:\/\/pdt-rj.org.br\/index.php\/wp-json\/wp\/v2\/types\/post"}],"author":[{"embeddable":true,"href":"https:\/\/pdt-rj.org.br\/index.php\/wp-json\/wp\/v2\/users\/17"}],"replies":[{"embeddable":true,"href":"https:\/\/pdt-rj.org.br\/index.php\/wp-json\/wp\/v2\/comments?post=51382"}],"version-history":[{"count":2,"href":"https:\/\/pdt-rj.org.br\/index.php\/wp-json\/wp\/v2\/posts\/51382\/revisions"}],"predecessor-version":[{"id":52587,"href":"https:\/\/pdt-rj.org.br\/index.php\/wp-json\/wp\/v2\/posts\/51382\/revisions\/52587"}],"wp:attachment":[{"href":"https:\/\/pdt-rj.org.br\/index.php\/wp-json\/wp\/v2\/media?parent=51382"}],"wp:term":[{"taxonomy":"category","embeddable":true,"href":"https:\/\/pdt-rj.org.br\/index.php\/wp-json\/wp\/v2\/categories?post=51382"},{"taxonomy":"post_tag","embeddable":true,"href":"https:\/\/pdt-rj.org.br\/index.php\/wp-json\/wp\/v2\/tags?post=51382"}],"curies":[{"name":"wp","href":"https:\/\/api.w.org\/{rel}","templated":true}]}}