{"id":51377,"date":"2016-12-21T14:45:44","date_gmt":"2016-12-21T16:45:44","guid":{"rendered":"http:\/\/pdt-rj.org.br\/?p=51377"},"modified":"2017-01-17T01:42:55","modified_gmt":"2017-01-17T03:42:55","slug":"andre-figueiredo-ratifica-firmeza-do-pdt-na-defesa-dos-direitos-dos-servidores-publicos","status":"publish","type":"post","link":"https:\/\/pdt-rj.org.br\/index.php\/andre-figueiredo-ratifica-firmeza-do-pdt-na-defesa-dos-direitos-dos-servidores-publicos\/","title":{"rendered":"Andr\u00e9 Figueiredo ratifica firmeza do PDT na defesa dos direitos dos servidores p\u00fablicos"},"content":{"rendered":"<p>O deputado federal <a href=\"https:\/\/www.facebook.com\/DeputadoAndreFigueiredo\/?fref=ts\">Andr\u00e9 Figueiredo<\/a> (PDT-CE) ressaltou a import\u00e2ncia da preserva\u00e7\u00e3o dos direitos dos servidores p\u00fablicos ao defender a retirada das contrapartidas exigidas pelo Governo Federal na renegocia\u00e7\u00e3o da d\u00edvida p\u00fablica dos estados. Com a aprova\u00e7\u00e3o do substitutivo do Projeto de Lei Complementar 257\/16, os pagamentos dos d\u00e9bitos com a Uni\u00e3o ser\u00e3o alongados por mais 20 anos, incluindo descontos nas parcelas at\u00e9 junho de 2018 e novos indexadores.<\/p>\n<p>Com a maioria dos pontos j\u00e1 aprovados, em outubro, o parecer do deputado Esperidi\u00e3o Amin (PP-SC) mant\u00e9m a cria\u00e7\u00e3o de um regime especial para estados em calamidade financeira (Rio de Janeiro, Minas Gerais e Rio Grande do Sul), incluindo a suspens\u00e3o das obriga\u00e7\u00f5es por tr\u00eas anos a partir da aprova\u00e7\u00e3o de um plano de recupera\u00e7\u00e3o em lei estadual.<\/p>\n<p>No entanto, do texto oriundo do Senado, na \u00faltima semana, foram rejeitadas as contrapartidas, incluindo o aumento de contribui\u00e7\u00e3o previdenci\u00e1ria de servidores estaduais, proibi\u00e7\u00e3o de novos concursos e reajustes salariais, entre outros.<\/p>\n<p>Ao ratificar a firmeza do PDT, Andr\u00e9 Figueiredo apontou a import\u00e2ncia da recupera\u00e7\u00e3o econ\u00f4mica dos casos mais urgentes e destacou a sa\u00fade financeira do Cear\u00e1.<\/p>\n<p>\u201cImpedimos que os cidad\u00e3os, principalmente os servidores p\u00fablicos, pagassem a conta da falta de efici\u00eancia nas gest\u00f5es de estados como o Rio de Janeiro. As contrapartidas aprovadas no Senado, e defendidas pelo Planalto, n\u00e3o poderiam ser aprovadas. Por isso, o PDT lutou, na C\u00e2mara, para combater mais um pacote de maldades do governo federal\u201d, comentou.<\/p>\n<p>\u201cApesar das dificuldades enfrentadas, com destaque para a seca que atinge o estado h\u00e1 cinco anos, o Cear\u00e1 mostra for\u00e7a na supera\u00e7\u00e3o da crise. \u00c9 um exemplo que deveria ser seguido pelo restante do pa\u00eds\u201d, concluiu Andr\u00e9 Figueiredo.<\/p>\n<!-- AddThis Advanced Settings generic via filter on the_content --><!-- AddThis Share Buttons generic via filter on the_content -->","protected":false},"excerpt":{"rendered":"<p>O deputado federal Andr\u00e9 Figueiredo (PDT-CE) ressaltou a import\u00e2ncia da preserva\u00e7\u00e3o dos direitos dos servidores p\u00fablicos ao defender a retirada das contrapartidas exigidas pelo Governo Federal na renegocia\u00e7\u00e3o da d\u00edvida p\u00fablica dos estados. Com a aprova\u00e7\u00e3o do substitutivo do Projeto de Lei Complementar 257\/16, os pagamentos dos d\u00e9bitos com a Uni\u00e3o ser\u00e3o alongados por mais&#8230;<!-- AddThis Advanced Settings generic via filter on wp_trim_excerpt --><!-- AddThis Share Buttons generic via filter on wp_trim_excerpt --><\/p>\n","protected":false},"author":17,"featured_media":0,"comment_status":"closed","ping_status":"closed","sticky":false,"template":"","format":"standard","meta":{"_monsterinsights_skip_tracking":false,"_monsterinsights_sitenote_active":false,"_monsterinsights_sitenote_note":"","_monsterinsights_sitenote_category":0,"_uf_show_specific_survey":0,"_uf_disable_surveys":false,"footnotes":""},"categories":[1459],"tags":[34,1801,1802,38,1803],"class_list":["post-51377","post","type-post","status-publish","format-standard","hentry","category-congresso","tag-andre-figueiredo","tag-calamidade-financeira","tag-direitos-dos-servidores-publicos","tag-pdt","tag-renegociacao-da-divida-publica-dos-estados"],"acf":[],"_links":{"self":[{"href":"https:\/\/pdt-rj.org.br\/index.php\/wp-json\/wp\/v2\/posts\/51377","targetHints":{"allow":["GET"]}}],"collection":[{"href":"https:\/\/pdt-rj.org.br\/index.php\/wp-json\/wp\/v2\/posts"}],"about":[{"href":"https:\/\/pdt-rj.org.br\/index.php\/wp-json\/wp\/v2\/types\/post"}],"author":[{"embeddable":true,"href":"https:\/\/pdt-rj.org.br\/index.php\/wp-json\/wp\/v2\/users\/17"}],"replies":[{"embeddable":true,"href":"https:\/\/pdt-rj.org.br\/index.php\/wp-json\/wp\/v2\/comments?post=51377"}],"version-history":[{"count":1,"href":"https:\/\/pdt-rj.org.br\/index.php\/wp-json\/wp\/v2\/posts\/51377\/revisions"}],"predecessor-version":[{"id":52241,"href":"https:\/\/pdt-rj.org.br\/index.php\/wp-json\/wp\/v2\/posts\/51377\/revisions\/52241"}],"wp:attachment":[{"href":"https:\/\/pdt-rj.org.br\/index.php\/wp-json\/wp\/v2\/media?parent=51377"}],"wp:term":[{"taxonomy":"category","embeddable":true,"href":"https:\/\/pdt-rj.org.br\/index.php\/wp-json\/wp\/v2\/categories?post=51377"},{"taxonomy":"post_tag","embeddable":true,"href":"https:\/\/pdt-rj.org.br\/index.php\/wp-json\/wp\/v2\/tags?post=51377"}],"curies":[{"name":"wp","href":"https:\/\/api.w.org\/{rel}","templated":true}]}}