{"id":51212,"date":"2016-12-16T13:04:46","date_gmt":"2016-12-16T15:04:46","guid":{"rendered":"http:\/\/pdt-rj.org.br\/?p=51212"},"modified":"2017-01-17T01:45:14","modified_gmt":"2017-01-17T03:45:14","slug":"nota-de-repudio-movimento-sindical-do-pdt","status":"publish","type":"post","link":"https:\/\/pdt-rj.org.br\/index.php\/nota-de-repudio-movimento-sindical-do-pdt\/","title":{"rendered":"Nota de Rep\u00fadio &#8211; Movimento Sindical do PDT"},"content":{"rendered":"<div id=\"m_4101797823475570909yui_3_16_0_ym19_1_1481895536390_3444\">O Movimento Sindical Nacional do PDT vem manifestar o seu mais absoluto rep\u00fadio ao apoio dado pela bancada do partido no Senado a aprova\u00e7\u00e3o da PEC 55, a PEC do fim do mundo. A decis\u00e3o individual dos senadores Lasier Martins (RS), Telm\u00e1rio Mota (RR) e o suplente Pastor Valadares (RO) contraria a decis\u00e3o coletiva do Diret\u00f3rio Nacional do nosso partido e a grave e precisa ser punida \u00e0 altura.<u><\/u><u><\/u><\/div>\n<div>\u00a0<\/div>\n<div id=\"m_4101797823475570909yui_3_16_0_ym19_1_1481895536390_3446\">O PDT tem princ\u00edpios, projeto e hist\u00f3ria. O principal fundamento dessas tr\u00eas bases \u00e9 o trabalhismo, veementemente defendido e constru\u00eddo por Get\u00falio Vargas, Jo\u00e3o Goulart, Leonel Brizola e por toda a milit\u00e2ncia pedetista ao longo do tempo. Por entendermos que essa PEC restitui um projeto neoliberal de concentra\u00e7\u00e3o de renda e de conhecimento nas m\u00e3os e mentes de poucos \u00e9 que reafirmamos: somos contra a restri\u00e7\u00e3o de recursos para Sa\u00fade e Educa\u00e7\u00e3o, entre outras medidas institu\u00eddas pela PEC.<u><\/u><u><\/u><\/div>\n<div>\u00a0<\/div>\n<div id=\"m_4101797823475570909yui_3_16_0_ym19_1_1481895536390_3448\">Tanto \u00e9 que nosso presidente Carlos Lupi j\u00e1 articula a apresenta\u00e7\u00e3o de uma ADI (A\u00e7\u00e3o Direta de Inconstitucionalidade) ao STF (Supremo Tribunal Federal) em busca de derrubar a PEC 55. Para n\u00f3s, ela rasga a Constitui\u00e7\u00e3o de 1988, que, criada no contexto do p\u00f3s-ditadura, ficou conhecida como Constitui\u00e7\u00e3o Cidad\u00e3.<u><\/u><u><\/u><\/div>\n<div id=\"m_4101797823475570909yui_3_16_0_ym19_1_1481895536390_3450\">Somos fi\u00e9is a nossas convic\u00e7\u00f5es hist\u00f3ricas e n\u00e3o admitiremos que elas sejam desvirtuadas por parlamentares como os senadores aqui mencionados. Esse tipo de postura n\u00e3o pode ser aceita, dado o contexto atual em que uma ofensiva sobre direitos trabalhistas e sindicais se avizinha, a come\u00e7ar com a vota\u00e7\u00e3o da reforma da Previd\u00eancia.<\/div>\n<div>\u00a0<\/div>\n<div>Precisamos confiar que nossos parlamentares realmente ir\u00e3o defender nossos direitos. Por isso, defendemos a expuls\u00e3o destes parlamentares como san\u00e7\u00e3o a esta postura.<\/div>\n<div>\u00a0<\/div>\n<div>\u00a0<\/div>\n<div style=\"text-align: center;\"><b id=\"m_4101797823475570909yui_3_16_0_ym19_1_1481895536390_3455\">Milton Cavalo<\/b><\/div>\n<div style=\"text-align: center;\">Presidente do Movimento Sindical Nacional PDT<\/div>\n<!-- AddThis Advanced Settings generic via filter on the_content --><!-- AddThis Share Buttons generic via filter on the_content -->","protected":false},"excerpt":{"rendered":"<p>O Movimento Sindical Nacional do PDT vem manifestar o seu mais absoluto rep\u00fadio ao apoio dado pela bancada do partido no Senado a aprova\u00e7\u00e3o da PEC 55, a PEC do fim do mundo. A decis\u00e3o individual dos senadores Lasier Martins (RS), Telm\u00e1rio Mota (RR) e o suplente Pastor Valadares (RO) contraria a decis\u00e3o coletiva do&#8230;<!-- AddThis Advanced Settings generic via filter on wp_trim_excerpt --><!-- AddThis Share Buttons generic via filter on wp_trim_excerpt --><\/p>\n","protected":false},"author":17,"featured_media":0,"comment_status":"closed","ping_status":"closed","sticky":false,"template":"","format":"standard","meta":{"_monsterinsights_skip_tracking":false,"_monsterinsights_sitenote_active":false,"_monsterinsights_sitenote_note":"","_monsterinsights_sitenote_category":0,"_uf_show_specific_survey":0,"_uf_disable_surveys":false,"footnotes":""},"categories":[1397,1401],"tags":[196,1092,1799,38,1780],"class_list":["post-51212","post","type-post","status-publish","format-standard","hentry","category-movimentos","category-nacional","tag-carlos-lupi","tag-milton-cavalo","tag-movimento-sindical-nacional-pdt","tag-pdt","tag-pec-55"],"acf":[],"_links":{"self":[{"href":"https:\/\/pdt-rj.org.br\/index.php\/wp-json\/wp\/v2\/posts\/51212","targetHints":{"allow":["GET"]}}],"collection":[{"href":"https:\/\/pdt-rj.org.br\/index.php\/wp-json\/wp\/v2\/posts"}],"about":[{"href":"https:\/\/pdt-rj.org.br\/index.php\/wp-json\/wp\/v2\/types\/post"}],"author":[{"embeddable":true,"href":"https:\/\/pdt-rj.org.br\/index.php\/wp-json\/wp\/v2\/users\/17"}],"replies":[{"embeddable":true,"href":"https:\/\/pdt-rj.org.br\/index.php\/wp-json\/wp\/v2\/comments?post=51212"}],"version-history":[{"count":1,"href":"https:\/\/pdt-rj.org.br\/index.php\/wp-json\/wp\/v2\/posts\/51212\/revisions"}],"predecessor-version":[{"id":52244,"href":"https:\/\/pdt-rj.org.br\/index.php\/wp-json\/wp\/v2\/posts\/51212\/revisions\/52244"}],"wp:attachment":[{"href":"https:\/\/pdt-rj.org.br\/index.php\/wp-json\/wp\/v2\/media?parent=51212"}],"wp:term":[{"taxonomy":"category","embeddable":true,"href":"https:\/\/pdt-rj.org.br\/index.php\/wp-json\/wp\/v2\/categories?post=51212"},{"taxonomy":"post_tag","embeddable":true,"href":"https:\/\/pdt-rj.org.br\/index.php\/wp-json\/wp\/v2\/tags?post=51212"}],"curies":[{"name":"wp","href":"https:\/\/api.w.org\/{rel}","templated":true}]}}