{"id":51202,"date":"2016-12-17T01:26:29","date_gmt":"2016-12-17T03:26:29","guid":{"rendered":"http:\/\/pdt-rj.org.br\/?p=51202"},"modified":"2017-01-17T02:17:26","modified_gmt":"2017-01-17T04:17:26","slug":"everton-gomes-recebe-conjunto-de-medalhas-pedro-ernesto","status":"publish","type":"post","link":"https:\/\/pdt-rj.org.br\/index.php\/everton-gomes-recebe-conjunto-de-medalhas-pedro-ernesto\/","title":{"rendered":"Everton Gomes recebe Conjunto de Medalhas Pedro Ernesto"},"content":{"rendered":"<p><img loading=\"lazy\" decoding=\"async\" class=\"alignnone size-medium wp-image-51223 alignright\" src=\"http:\/\/pdt-rj.org.br\/wp-content\/uploads\/2016\/12\/Everton-Gomes-recebe-Conjunto-de-Medalhas-Pedro-Ernesto-300x200.jpg\" alt=\"Everton Gomes recebe Conjunto de Medalhas Pedro Ernesto\" width=\"300\" height=\"200\" srcset=\"https:\/\/pdt-rj.org.br\/wp-content\/uploads\/2016\/12\/Everton-Gomes-recebe-Conjunto-de-Medalhas-Pedro-Ernesto-300x200.jpg 300w, https:\/\/pdt-rj.org.br\/wp-content\/uploads\/2016\/12\/Everton-Gomes-recebe-Conjunto-de-Medalhas-Pedro-Ernesto-100x67.jpg 100w, https:\/\/pdt-rj.org.br\/wp-content\/uploads\/2016\/12\/Everton-Gomes-recebe-Conjunto-de-Medalhas-Pedro-Ernesto-768x512.jpg 768w, https:\/\/pdt-rj.org.br\/wp-content\/uploads\/2016\/12\/Everton-Gomes-recebe-Conjunto-de-Medalhas-Pedro-Ernesto-135x90.jpg 135w, https:\/\/pdt-rj.org.br\/wp-content\/uploads\/2016\/12\/Everton-Gomes-recebe-Conjunto-de-Medalhas-Pedro-Ernesto-600x400.jpg 600w, https:\/\/pdt-rj.org.br\/wp-content\/uploads\/2016\/12\/Everton-Gomes-recebe-Conjunto-de-Medalhas-Pedro-Ernesto.jpg 960w\" sizes=\"auto, (max-width: 300px) 100vw, 300px\" \/>O presidente nacional da Juventude Socialista (JS-PDT), <a href=\"https:\/\/www.facebook.com\/VoluntariosdoEverton?fref=ts\">Everton Gomes<\/a>, recebeu na \u00faltima segunda-feira (12) o\u00a0Conjunto de Medalhas Pedro Ernesto. A homenagem, uma iniciativa do vereador Rafael Alo\u00edsio Freitas, se deve \u00e0s realiza\u00e7\u00f5es do pedetista na <a href=\"Funda\u00e7\u00e3o%20Parques%20e%20Jardins\">Funda\u00e7\u00e3o Parques e Jardins<\/a>, a qual ele preside.<\/p>\n<p>Para ele, al\u00e9m do reconhecimento de seu trabalho, a honraria tamb\u00e9m premia sua trajet\u00f3ria de milit\u00e2ncia. \u201cEu que ingressei ainda muito jovem na pol\u00edtica e j\u00e1 ocupei algumas fun\u00e7\u00f5es p\u00fablicas, hoje tenho feito um grande esfor\u00e7o \u00e0 frente da Funda\u00e7\u00e3o Parques e Jardins, para cuidar bem dos parques e das pra\u00e7as da nossa cidade\u201d, comemora.<\/p>\n<p>\u201cO sentimento \u00e9 de muita felicidade e de agradecimento, por obter o reconhecimento da cidade onde eu nasci e me criei. Essa cidade t\u00e3o linda e generosa, que passa hoje por um momento de grandes transforma\u00e7\u00f5es, se tornando a cada dia mais maravilhosa\u201d, afirma Everton, que estende seus agradecimentos a Rafael Alu\u00edzio de Freitas e \u00e0\u00a0C\u00e2mara de Vereadores.<\/p>\n<p>Dentre as iniciativas coordenadas por Everton, destacam-se a cria\u00e7\u00e3o do Painel de Gest\u00e3o \u2013 mecanismo por meio do qual a popula\u00e7\u00e3o participa do gerenciamento e cuidado das \u00e1reas verdes da cidade \u2013 e a revitaliza\u00e7\u00e3o paisag\u00edstica do Passeio P\u00fablico, o\u00a0parque p\u00fablico mais antigo\u00a0da Am\u00e9rica Latina.<\/p>\n<p>Conclu\u00edda em novembro deste ano, a reforma do Passeio P\u00fablico, realizou o replantio de \u00e1rvores como o pau-brasil, 400 arbustos, de 72 mil mudas de forra\u00e7\u00e3o \u2013 plantas que d\u00e3o acabamento paisag\u00edstico \u2013 e de aproximadamente cinco mil metros quadrados de grama. As a\u00e7\u00f5es tamb\u00e9m incluem a limpeza e pequenos reparos.\u00a0Com a revitaliza\u00e7\u00e3o, o Passeio tamb\u00e9m ganhou novos peixes (til\u00e1pias e carpas) nos lagos e duas guaritas da Guarda Municipal que funcionar\u00e3o 24 horas.<\/p>\n<p>Al\u00e9m do Passeio P\u00fablico, uma s\u00e9rie de outros espa\u00e7os t\u00eam sido alvo do trabalho de recupera\u00e7\u00e3o realizado pela Funda\u00e7\u00e3o, como\u00a0o Campo de Santana, localizado na Pra\u00e7a da Rep\u00fablica, nas proximidades de onde ocorreu a proclama\u00e7\u00e3o da Rep\u00fablica, em 1889.<\/p>\n<p><strong>A honraria<\/strong><\/p>\n<p>A Medalha de M\u00e9rito Pedro Ernesto foi criada pela Resolu\u00e7\u00e3o n\u00ba 40, em 20 de outubro de 1980. Ela \u00e9 a principal homenagem que o Rio de Janeiro presta a quem se destaca na sociedade brasileira ou internacional.<\/p>\n<!-- AddThis Advanced Settings generic via filter on the_content --><!-- AddThis Share Buttons generic via filter on the_content -->","protected":false},"excerpt":{"rendered":"<p>O presidente nacional da Juventude Socialista (JS-PDT), Everton Gomes, recebeu na \u00faltima segunda-feira (12) o\u00a0Conjunto de Medalhas Pedro Ernesto. A homenagem, uma iniciativa do vereador Rafael Alo\u00edsio Freitas, se deve \u00e0s realiza\u00e7\u00f5es do pedetista na Funda\u00e7\u00e3o Parques e Jardins, a qual ele preside. Para ele, al\u00e9m do reconhecimento de seu trabalho, a honraria tamb\u00e9m premia&#8230;<!-- AddThis Advanced Settings generic via filter on wp_trim_excerpt --><!-- AddThis Share Buttons generic via filter on wp_trim_excerpt --><\/p>\n","protected":false},"author":17,"featured_media":51223,"comment_status":"open","ping_status":"open","sticky":false,"template":"","format":"standard","meta":{"_monsterinsights_skip_tracking":false,"_monsterinsights_sitenote_active":false,"_monsterinsights_sitenote_note":"","_monsterinsights_sitenote_category":0,"_uf_show_specific_survey":0,"_uf_disable_surveys":false,"footnotes":""},"categories":[1402,1401],"tags":[1795,1796,1797,38,1798],"class_list":["post-51202","post","type-post","status-publish","format-standard","has-post-thumbnail","hentry","category-cidades","category-nacional","tag-campo-de-santana","tag-everton-gomes","tag-passeio-publico","tag-pdt","tag-rio-de-janeiro-rj"],"acf":[],"_links":{"self":[{"href":"https:\/\/pdt-rj.org.br\/index.php\/wp-json\/wp\/v2\/posts\/51202","targetHints":{"allow":["GET"]}}],"collection":[{"href":"https:\/\/pdt-rj.org.br\/index.php\/wp-json\/wp\/v2\/posts"}],"about":[{"href":"https:\/\/pdt-rj.org.br\/index.php\/wp-json\/wp\/v2\/types\/post"}],"author":[{"embeddable":true,"href":"https:\/\/pdt-rj.org.br\/index.php\/wp-json\/wp\/v2\/users\/17"}],"replies":[{"embeddable":true,"href":"https:\/\/pdt-rj.org.br\/index.php\/wp-json\/wp\/v2\/comments?post=51202"}],"version-history":[{"count":2,"href":"https:\/\/pdt-rj.org.br\/index.php\/wp-json\/wp\/v2\/posts\/51202\/revisions"}],"predecessor-version":[{"id":51659,"href":"https:\/\/pdt-rj.org.br\/index.php\/wp-json\/wp\/v2\/posts\/51202\/revisions\/51659"}],"wp:featuredmedia":[{"embeddable":true,"href":"https:\/\/pdt-rj.org.br\/index.php\/wp-json\/wp\/v2\/media\/51223"}],"wp:attachment":[{"href":"https:\/\/pdt-rj.org.br\/index.php\/wp-json\/wp\/v2\/media?parent=51202"}],"wp:term":[{"taxonomy":"category","embeddable":true,"href":"https:\/\/pdt-rj.org.br\/index.php\/wp-json\/wp\/v2\/categories?post=51202"},{"taxonomy":"post_tag","embeddable":true,"href":"https:\/\/pdt-rj.org.br\/index.php\/wp-json\/wp\/v2\/tags?post=51202"}],"curies":[{"name":"wp","href":"https:\/\/api.w.org\/{rel}","templated":true}]}}