{"id":50901,"date":"2016-12-01T19:21:34","date_gmt":"2016-12-01T21:21:34","guid":{"rendered":"http:\/\/pdt-rj.org.br\/?p=50901"},"modified":"2017-10-26T09:07:24","modified_gmt":"2017-10-26T11:07:24","slug":"nota-da-bancada-do-pdt-na-camara","status":"publish","type":"post","link":"https:\/\/pdt-rj.org.br\/index.php\/nota-da-bancada-do-pdt-na-camara\/","title":{"rendered":"Nota da bancada do PDT na C\u00e2mara"},"content":{"rendered":"<p>Por ocasi\u00e3o da vota\u00e7\u00e3o do projeto das medidas de combate \u00e0 corrup\u00e7\u00e3o, ocorrida na noite desta ter\u00e7a-feira (29\/11), no Plen\u00e1rio da C\u00e2mara, a bancada de deputados do PDT reafirmou seu posicionamento favor\u00e1vel a toda e qualquer medida anticorrup\u00e7\u00e3o, bem como \u00e0 emenda aprovada, de autoria do deputado <a href=\"https:\/\/www.facebook.com\/wevertonrocha12\/?fref=ts\">Weverton Rocha<\/a>, l\u00edder do partido, que tem por objetivo inibir abusos de autoridade por parte de membros do Judici\u00e1rio e Minist\u00e9rio P\u00fablico.<\/p>\n<p>A emenda apresentada pelo PDT teve como objetivo responsabilizar magistrados e membros do Minist\u00e9rio P\u00fablico que extrapolam de seu dever funcional. A medida n\u00e3o cria qualquer empecilho a qualquer a\u00e7\u00e3o desses \u00f3rg\u00e3os, lembrando que abuso de autoridade \u00e9 quando um servidor do estado faz o que a lei n\u00e3o permite fazer, ou obriga algu\u00e9m a fazer algo que a lei n\u00e3o obriga a fazer.<\/p>\n<p>Importante apontar que as medidas s\u00f3 repercutir\u00e3o na esfera de atua\u00e7\u00e3o dos maus profissionais (ju\u00edzes e procuradores\/promotores). Para aqueles que atuam dentro dos ditames da lei, as medidas trazidas n\u00e3o repercutir\u00e3o em suas fun\u00e7\u00f5es institucionais. Ou seja, o juiz e o promotor honesto e cumpridor de seus deveres n\u00e3o t\u00eam com o que se preocupar.<\/p>\n<p>Importante lembrar, ainda, que n\u00e3o caber\u00e1 a parlamentares julgar se um magistrado\/juiz ou procurador\/promotor cometeu um crime no exerc\u00edcio de suas fun\u00e7\u00f5es. Eventuais abusos ser\u00e3o apurados e julgados pelo Poder Judici\u00e1rio.<br \/>Por outro lado, n\u00f3s do PDT n\u00e3o aceitamos chantagem ou intimida\u00e7\u00f5es que venham a afetar membros da nossa bancada. Parta de onde partir.<\/p>\n<p>E neste momento, manifestamos tamb\u00e9m nosso rep\u00fadio \u00e0 postagem, em redes sociais, do ex-deputado Vieira da Cunha, procurador de Justi\u00e7a do Minist\u00e9rio P\u00fablico do Rio Grande do Sul que, mesmo tendo participado da reuni\u00e3o da Dire\u00e7\u00e3o Nacional, em 22 de novembro, e declarado seu apoio a posi\u00e7\u00e3o partid\u00e1ria, vem a p\u00fablico manifestar leviandades contra a bancada, da qual foi membro em um passado recente.<\/p>\n<p>Por isso, reiteramos nossa solidariedade ao l\u00edder, deputado Weverton Rocha, ao mesmo tempo em que encaminhamos o caso ao Conselho de \u00c9tica do PDT para que esse \u00f3rg\u00e3o de apoio se posicione quanto \u00e0s declara\u00e7\u00f5es do ex-deputado Vieira da Cunha, que acusa o partido de ser \u201cuma vergonha\u201d pelo posicionamento tomado quanto \u00e0 vota\u00e7\u00e3o da emenda.<\/p>\n<p>O PDT em nenhum momento se coloca de forma a contestar as a\u00e7\u00f5es leg\u00edtimas e democr\u00e1ticas do Minist\u00e9rio P\u00fablico ou do Judici\u00e1rio, mas, certamente, sempre se posicionar\u00e1 contra os desvios de conduta de alguns integrantes desses \u00f3rg\u00e3os. Porque todos s\u00e3o iguais perante a lei, exatamente como manda nossa Constitui\u00e7\u00e3o Federal.<\/p>\n<p>&nbsp;<\/p>\n<p><a href=\"http:\/\/pdt-rj.org.br\/wp-content\/uploads\/2016\/12\/Veja-como-votou-o-PDT-no-projeto-das-medidas-de-combate-\u00e0-corrup\u00e7\u00e3o.pdf\">Veja como votou o PDT no projeto das medidas de combate \u00e0 corrup\u00e7\u00e3o<\/a><\/p>\n<p>&nbsp;<\/p>\n<p><a href=\"http:\/\/pdt-rj.org.br\/wp-content\/uploads\/2016\/12\/Veja-o-quadro-comparativo-da-emenda-do-PDT-com-a-legisla\u00e7\u00e3o-atual-do-Judici\u00e1rio-e-do-MP.pdf\">Veja o quadro comparativo da emenda do PDT com a legisla\u00e7\u00e3o atual do Judici\u00e1rio e do MP<\/a><\/p>\n<!-- AddThis Advanced Settings generic via filter on the_content --><!-- AddThis Share Buttons generic via filter on the_content -->","protected":false},"excerpt":{"rendered":"<p>Por ocasi\u00e3o da vota\u00e7\u00e3o do projeto das medidas de combate \u00e0 corrup\u00e7\u00e3o, ocorrida na noite desta ter\u00e7a-feira (29\/11), no Plen\u00e1rio da C\u00e2mara, a bancada de deputados do PDT reafirmou seu posicionamento favor\u00e1vel a toda e qualquer medida anticorrup\u00e7\u00e3o, bem como \u00e0 emenda aprovada, de autoria do deputado Weverton Rocha, l\u00edder do partido, que tem por&#8230;<!-- AddThis Advanced Settings generic via filter on wp_trim_excerpt --><!-- AddThis Share Buttons generic via filter on wp_trim_excerpt --><\/p>\n","protected":false},"author":17,"featured_media":0,"comment_status":"open","ping_status":"open","sticky":false,"template":"","format":"standard","meta":{"_monsterinsights_skip_tracking":false,"_monsterinsights_sitenote_active":false,"_monsterinsights_sitenote_note":"","_monsterinsights_sitenote_category":0,"_uf_show_specific_survey":0,"_uf_disable_surveys":false,"footnotes":""},"categories":[1459,1401,976],"tags":[1731,1732,38,962],"class_list":["post-50901","post","type-post","status-publish","format-standard","hentry","category-congresso","category-nacional","category-noticias-em-destaque","tag-abuso-de-autoridade","tag-medida-anticorrupcao","tag-pdt","tag-weverton-rocha"],"acf":[],"_links":{"self":[{"href":"https:\/\/pdt-rj.org.br\/index.php\/wp-json\/wp\/v2\/posts\/50901","targetHints":{"allow":["GET"]}}],"collection":[{"href":"https:\/\/pdt-rj.org.br\/index.php\/wp-json\/wp\/v2\/posts"}],"about":[{"href":"https:\/\/pdt-rj.org.br\/index.php\/wp-json\/wp\/v2\/types\/post"}],"author":[{"embeddable":true,"href":"https:\/\/pdt-rj.org.br\/index.php\/wp-json\/wp\/v2\/users\/17"}],"replies":[{"embeddable":true,"href":"https:\/\/pdt-rj.org.br\/index.php\/wp-json\/wp\/v2\/comments?post=50901"}],"version-history":[{"count":1,"href":"https:\/\/pdt-rj.org.br\/index.php\/wp-json\/wp\/v2\/posts\/50901\/revisions"}],"predecessor-version":[{"id":56127,"href":"https:\/\/pdt-rj.org.br\/index.php\/wp-json\/wp\/v2\/posts\/50901\/revisions\/56127"}],"wp:attachment":[{"href":"https:\/\/pdt-rj.org.br\/index.php\/wp-json\/wp\/v2\/media?parent=50901"}],"wp:term":[{"taxonomy":"category","embeddable":true,"href":"https:\/\/pdt-rj.org.br\/index.php\/wp-json\/wp\/v2\/categories?post=50901"},{"taxonomy":"post_tag","embeddable":true,"href":"https:\/\/pdt-rj.org.br\/index.php\/wp-json\/wp\/v2\/tags?post=50901"}],"curies":[{"name":"wp","href":"https:\/\/api.w.org\/{rel}","templated":true}]}}