{"id":50886,"date":"2016-12-01T13:03:36","date_gmt":"2016-12-01T15:03:36","guid":{"rendered":"http:\/\/pdt-rj.org.br\/?p=50886"},"modified":"2017-01-18T18:14:06","modified_gmt":"2017-01-18T20:14:06","slug":"nota-oficial-2","status":"publish","type":"post","link":"https:\/\/pdt-rj.org.br\/index.php\/nota-oficial-2\/","title":{"rendered":"NOTA OFICIAL"},"content":{"rendered":"<p>O PDT, nos seus 36 anos de funda\u00e7\u00e3o, sempre foi pautado pela luta popular e em defesa de uma sociedade mais justa e igualit\u00e1ria, sem privil\u00e9gios. Foi com esta base que na \u00faltima ter\u00e7a-feira, o l\u00edder da bancada na C\u00e2mara dos Deputados, Weverton Rocha (MA), apresentou emenda ao chamado &#8220;Pacote Anticorrup\u00e7\u00e3o&#8221; limitando excessos e abusos das atribui\u00e7\u00f5es tamb\u00e9m dos membros do Judici\u00e1rio e do Minist\u00e9rio P\u00fablico, com penas mais r\u00edgidas caso o Judici\u00e1rio assim entenda.<\/p>\n<p>O<span class=\"text_exposed_show\"> PDT entende n\u00e3o ser poss\u00edvel combater a corrup\u00e7\u00e3o apenas em alguns setores da sociedade. Essa medida foi amplamente discutida com a bancada do partido na C\u00e2mara, com a Executiva Nacional, com presidentes Regionais, com os senadores e os presidentes dos Movimentos do PDT. Ouvimos tamb\u00e9m a Ordem dos Advogados do Brasil (OAB) e representantes do Judici\u00e1rio e do Minist\u00e9rio P\u00fablico.<\/span><\/p>\n<div class=\"text_exposed_show\">\n<p>Entendemos que todos em uma sociedade representativa t\u00eam direitos e deveres, e ningu\u00e9m est\u00e1 acima deles. Qualquer medida que extrapole as atribui\u00e7\u00f5es de agentes p\u00fablicos deve ser denunciada, apurada e, se for o caso, punida. Esteja o agente no Executivo, Legislativo, Judici\u00e1rio ou Minist\u00e9rio P\u00fablico.<\/p>\n<p>\u00c9 importante esclarecer, tamb\u00e9m, que poss\u00edveis abusos praticados continuar\u00e3o sendo julgados pelo Judici\u00e1rio, como determina nossa Constitui\u00e7\u00e3o, e n\u00e3o pelo Congresso Nacional, como alguns interpretam.<\/p>\n<p>Vamos continuar lutando pelos interesses do povo brasileiro e votando no Congresso Nacional com base nos ideais do partido e na convic\u00e7\u00e3o de fazer o que \u00e9 para o bem comum, sem exce\u00e7\u00e3o.<\/p>\n<p>Como j\u00e1 disse Brizola: &#8220;Direitos iguais para todos. Privil\u00e9gios, s\u00f3 para nossas crian\u00e7as&#8221;.<\/p>\n<p>&nbsp;<\/p>\n<p style=\"text-align: center;\">CARLOS LUPI<br \/>\nPresidente Nacional do PDT<\/p>\n<\/div>\n<!-- AddThis Advanced Settings generic via filter on the_content --><!-- AddThis Share Buttons generic via filter on the_content -->","protected":false},"excerpt":{"rendered":"<p>O PDT, nos seus 36 anos de funda\u00e7\u00e3o, sempre foi pautado pela luta popular e em defesa de uma sociedade mais justa e igualit\u00e1ria, sem privil\u00e9gios. Foi com esta base que na \u00faltima ter\u00e7a-feira, o l\u00edder da bancada na C\u00e2mara dos Deputados, Weverton Rocha (MA), apresentou emenda ao chamado &#8220;Pacote Anticorrup\u00e7\u00e3o&#8221; limitando excessos e abusos&#8230;<!-- AddThis Advanced Settings generic via filter on wp_trim_excerpt --><!-- AddThis Share Buttons generic via filter on wp_trim_excerpt --><\/p>\n","protected":false},"author":17,"featured_media":50431,"comment_status":"open","ping_status":"open","sticky":false,"template":"","format":"standard","meta":{"_monsterinsights_skip_tracking":false,"_monsterinsights_sitenote_active":false,"_monsterinsights_sitenote_note":"","_monsterinsights_sitenote_category":0,"_uf_show_specific_survey":0,"_uf_disable_surveys":false,"footnotes":""},"categories":[1401],"tags":[1728,196,1729,565,38,1730,962],"class_list":["post-50886","post","type-post","status-publish","format-standard","has-post-thumbnail","hentry","category-nacional","tag-abusos","tag-carlos-lupi","tag-direitos-e-deveres","tag-leonel-brizola","tag-pdt","tag-sociedade-mais-justa","tag-weverton-rocha"],"acf":[],"_links":{"self":[{"href":"https:\/\/pdt-rj.org.br\/index.php\/wp-json\/wp\/v2\/posts\/50886","targetHints":{"allow":["GET"]}}],"collection":[{"href":"https:\/\/pdt-rj.org.br\/index.php\/wp-json\/wp\/v2\/posts"}],"about":[{"href":"https:\/\/pdt-rj.org.br\/index.php\/wp-json\/wp\/v2\/types\/post"}],"author":[{"embeddable":true,"href":"https:\/\/pdt-rj.org.br\/index.php\/wp-json\/wp\/v2\/users\/17"}],"replies":[{"embeddable":true,"href":"https:\/\/pdt-rj.org.br\/index.php\/wp-json\/wp\/v2\/comments?post=50886"}],"version-history":[{"count":1,"href":"https:\/\/pdt-rj.org.br\/index.php\/wp-json\/wp\/v2\/posts\/50886\/revisions"}],"predecessor-version":[{"id":52350,"href":"https:\/\/pdt-rj.org.br\/index.php\/wp-json\/wp\/v2\/posts\/50886\/revisions\/52350"}],"wp:featuredmedia":[{"embeddable":true,"href":"https:\/\/pdt-rj.org.br\/index.php\/wp-json\/wp\/v2\/media\/50431"}],"wp:attachment":[{"href":"https:\/\/pdt-rj.org.br\/index.php\/wp-json\/wp\/v2\/media?parent=50886"}],"wp:term":[{"taxonomy":"category","embeddable":true,"href":"https:\/\/pdt-rj.org.br\/index.php\/wp-json\/wp\/v2\/categories?post=50886"},{"taxonomy":"post_tag","embeddable":true,"href":"https:\/\/pdt-rj.org.br\/index.php\/wp-json\/wp\/v2\/tags?post=50886"}],"curies":[{"name":"wp","href":"https:\/\/api.w.org\/{rel}","templated":true}]}}