{"id":50446,"date":"2016-11-18T13:07:24","date_gmt":"2016-11-18T15:07:24","guid":{"rendered":"http:\/\/pdt-rj.org.br\/?post_type=artigo&#038;p=50446"},"modified":"2017-01-16T09:51:02","modified_gmt":"2017-01-16T11:51:02","slug":"e-preciso-garantir-o-financiamento-da-luta","status":"publish","type":"post","link":"https:\/\/pdt-rj.org.br\/index.php\/e-preciso-garantir-o-financiamento-da-luta\/","title":{"rendered":"\u00c9 preciso garantir o financiamento da luta"},"content":{"rendered":"<p>Transpar\u00eancia e garantia de sustenta\u00e7\u00e3o financeira da a\u00e7\u00e3o em defesa dos direitos dos trabalhadores, definidos de forma democr\u00e1tica. Esse \u00e9 o resumo do projeto de lei 5.795\/2016, que disciplina a contribui\u00e7\u00e3o negocial e a contribui\u00e7\u00e3o sindical a ser destinada \u00e0s entidades de trabalhadores e de grupos econ\u00f4micos.<\/p>\n<p>\u00c9 importante porque d\u00e1 seguran\u00e7a ao trabalho das entidades, com a certeza de que ter\u00e3o recursos para manter funcion\u00e1rios, instala\u00e7\u00f5es e todos os itens necess\u00e1rios \u00e0 defesa dos interesses de seus representados. Al\u00e9m disso, cria inst\u00e2ncias de delibera\u00e7\u00e3o e controle, como a decis\u00e3o em assembleias e um Conselho de Autorregula\u00e7\u00e3o.<\/p>\n<p>O projeto foi costurado com as entidades e debatido na Comiss\u00e3o Especial sobre Financiamento da Atividade Sindical, da C\u00e2mara dos Deputados, e tem o apoio das centrais sindicais.<\/p>\n<p>Para n\u00f3s trabalhadores, o momento \u00e9 crucial para que o projeto seja aprovado. Com a crise, caem o n\u00famero de trabalhadores formalmente contratados e com eles o n\u00famero de s\u00f3cios. Ao mesmo tempo, crescem as demandas sobre as entidades, que precisam cobrar respeito a direitos, sem que haja recursos suficientes.<\/p>\n<p>Por isso j\u00e1 iniciamos um trabalho de di\u00e1logo com a bancada do PDT na C\u00e2mara e com o conjunto dos deputados para dar agilidade a aprova\u00e7\u00e3o. Garantir o financiamento \u00e9 fortalecer a Democracia e a luta por um pa\u00eds mais Justo e de todos.<\/p>\n<p>&nbsp;<\/p>\n<p><em><strong>*Milton Cavalo \u00e9\u00a0presidente do Movimento Sindical do PDT Nacional<\/strong><\/em><\/p>\n<!-- AddThis Advanced Settings generic via filter on the_content --><!-- AddThis Share Buttons generic via filter on the_content -->","protected":false},"excerpt":{"rendered":"<p>Transpar\u00eancia e garantia de sustenta\u00e7\u00e3o financeira da a\u00e7\u00e3o em defesa dos direitos dos trabalhadores, definidos de forma democr\u00e1tica. Esse \u00e9 o resumo do projeto de lei 5.795\/2016, que disciplina a contribui\u00e7\u00e3o negocial e a contribui\u00e7\u00e3o sindical a ser destinada \u00e0s entidades de trabalhadores e de grupos econ\u00f4micos. \u00c9 importante porque d\u00e1 seguran\u00e7a ao trabalho das&#8230;<!-- AddThis Advanced Settings generic via filter on wp_trim_excerpt --><!-- AddThis Share Buttons generic via filter on wp_trim_excerpt --><\/p>\n","protected":false},"author":17,"featured_media":0,"comment_status":"closed","ping_status":"closed","sticky":false,"template":"","format":"standard","meta":{"_monsterinsights_skip_tracking":false,"_monsterinsights_sitenote_active":false,"_monsterinsights_sitenote_note":"","_monsterinsights_sitenote_category":0,"_uf_show_specific_survey":0,"_uf_disable_surveys":false,"footnotes":""},"categories":[1584],"tags":[1873,1874,999,1875,1876,1877,1092,639,38,1858],"class_list":["post-50446","post","type-post","status-publish","format-standard","hentry","category-artigos","tag-contribuicao-negocial","tag-contribuicao-sindical","tag-direitos-dos-trabalhadores","tag-financiamento-da-atividade-sindical","tag-garantia-de-sustentacao-financeira","tag-grupos-economicos","tag-milton-cavalo","tag-movimento-sindical-do-pdt","tag-pdt","tag-transparencia"],"acf":[],"_links":{"self":[{"href":"https:\/\/pdt-rj.org.br\/index.php\/wp-json\/wp\/v2\/posts\/50446","targetHints":{"allow":["GET"]}}],"collection":[{"href":"https:\/\/pdt-rj.org.br\/index.php\/wp-json\/wp\/v2\/posts"}],"about":[{"href":"https:\/\/pdt-rj.org.br\/index.php\/wp-json\/wp\/v2\/types\/post"}],"author":[{"embeddable":true,"href":"https:\/\/pdt-rj.org.br\/index.php\/wp-json\/wp\/v2\/users\/17"}],"replies":[{"embeddable":true,"href":"https:\/\/pdt-rj.org.br\/index.php\/wp-json\/wp\/v2\/comments?post=50446"}],"version-history":[{"count":1,"href":"https:\/\/pdt-rj.org.br\/index.php\/wp-json\/wp\/v2\/posts\/50446\/revisions"}],"predecessor-version":[{"id":52158,"href":"https:\/\/pdt-rj.org.br\/index.php\/wp-json\/wp\/v2\/posts\/50446\/revisions\/52158"}],"wp:attachment":[{"href":"https:\/\/pdt-rj.org.br\/index.php\/wp-json\/wp\/v2\/media?parent=50446"}],"wp:term":[{"taxonomy":"category","embeddable":true,"href":"https:\/\/pdt-rj.org.br\/index.php\/wp-json\/wp\/v2\/categories?post=50446"},{"taxonomy":"post_tag","embeddable":true,"href":"https:\/\/pdt-rj.org.br\/index.php\/wp-json\/wp\/v2\/tags?post=50446"}],"curies":[{"name":"wp","href":"https:\/\/api.w.org\/{rel}","templated":true}]}}