{"id":50427,"date":"2016-11-17T18:06:45","date_gmt":"2016-11-17T20:06:45","guid":{"rendered":"http:\/\/pdt-rj.org.br\/?p=50427"},"modified":"2017-01-27T14:02:37","modified_gmt":"2017-01-27T16:02:37","slug":"mapi-pdt-convoca-filiados-para-sua-convecao-nacional","status":"publish","type":"post","link":"https:\/\/pdt-rj.org.br\/index.php\/mapi-pdt-convoca-filiados-para-sua-convecao-nacional\/","title":{"rendered":"Mapi-PDT convoca filiados para sua Conven\u00e7\u00e3o Nacional"},"content":{"rendered":"<p>O Movimento dos Aposentados, Pensionistas e Idosos do PDT (Mapi) convida a todos os filiados para a sua Conven\u00e7\u00e3o Nacional, que ser\u00e1 realizada no dia 28\/11, na sede da Funda\u00e7\u00e3o Leonel Brizola \u2013 Alberto Pasqualini (FLB-AP). O encontro ser\u00e1 das 11h at\u00e9 \u00e0s 15h, com a elei\u00e7\u00e3o de sua Diretoria Executiva para o bi\u00eanio 2016\/2018.<\/p>\n<p>Na ocasi\u00e3o, tamb\u00e9m ser\u00e1 realizada a elei\u00e7\u00e3o dos Conselhos Fiscal, de \u00c9tica, Cultura, Previdenci\u00e1rio e do Conselho Pol\u00edtico.<\/p>\n<p>A sede da FLB-AP fica na rua do Teatro, 39, Pra\u00e7a Tiradentes, Centro, Rio de Janeiro.<\/p>\n<p>Veja\u00a0o Edital:<\/p>\n<p><a href=\"http:\/\/pdt-rj.org.br\/wp-content\/uploads\/2016\/11\/Edital-de-Convoca\u00e7\u00e3o-para-a-Conven\u00e7\u00e3o-Nacional-do-Mapi-2016.pdf\">Edital de Convoca\u00e7\u00e3o para a Conven\u00e7\u00e3o Nacional do Mapi 2016<\/a>.<\/p>\n<!-- AddThis Advanced Settings generic via filter on the_content --><!-- AddThis Share Buttons generic via filter on the_content -->","protected":false},"excerpt":{"rendered":"<p>O Movimento dos Aposentados, Pensionistas e Idosos do PDT (Mapi) convida a todos os filiados para a sua Conven\u00e7\u00e3o Nacional, que ser\u00e1 realizada no dia 28\/11, na sede da Funda\u00e7\u00e3o Leonel Brizola \u2013 Alberto Pasqualini (FLB-AP). O encontro ser\u00e1 das 11h at\u00e9 \u00e0s 15h, com a elei\u00e7\u00e3o de sua Diretoria Executiva para o bi\u00eanio 2016\/2018&#8230;.<!-- AddThis Advanced Settings generic via filter on wp_trim_excerpt --><!-- AddThis Share Buttons generic via filter on wp_trim_excerpt --><\/p>\n","protected":false},"author":17,"featured_media":50431,"comment_status":"closed","ping_status":"closed","sticky":false,"template":"","format":"standard","meta":{"_monsterinsights_skip_tracking":false,"_monsterinsights_sitenote_active":false,"_monsterinsights_sitenote_note":"","_monsterinsights_sitenote_category":0,"_uf_show_specific_survey":0,"_uf_disable_surveys":false,"footnotes":""},"categories":[1588,1397,1401],"tags":[1683,1684,1128,426,1685,1142],"class_list":["post-50427","post","type-post","status-publish","format-standard","has-post-thumbnail","hentry","category-mapi","category-movimentos","category-nacional","tag-convencao-nacional","tag-diretoria-executiva","tag-eleicao","tag-fundacao-leonel-brizola-alberto-pasqualini","tag-movimento-dos-aposentados","tag-pensionistas-e-idosos-do-pdt"],"acf":[],"_links":{"self":[{"href":"https:\/\/pdt-rj.org.br\/index.php\/wp-json\/wp\/v2\/posts\/50427","targetHints":{"allow":["GET"]}}],"collection":[{"href":"https:\/\/pdt-rj.org.br\/index.php\/wp-json\/wp\/v2\/posts"}],"about":[{"href":"https:\/\/pdt-rj.org.br\/index.php\/wp-json\/wp\/v2\/types\/post"}],"author":[{"embeddable":true,"href":"https:\/\/pdt-rj.org.br\/index.php\/wp-json\/wp\/v2\/users\/17"}],"replies":[{"embeddable":true,"href":"https:\/\/pdt-rj.org.br\/index.php\/wp-json\/wp\/v2\/comments?post=50427"}],"version-history":[{"count":1,"href":"https:\/\/pdt-rj.org.br\/index.php\/wp-json\/wp\/v2\/posts\/50427\/revisions"}],"predecessor-version":[{"id":52588,"href":"https:\/\/pdt-rj.org.br\/index.php\/wp-json\/wp\/v2\/posts\/50427\/revisions\/52588"}],"wp:featuredmedia":[{"embeddable":true,"href":"https:\/\/pdt-rj.org.br\/index.php\/wp-json\/wp\/v2\/media\/50431"}],"wp:attachment":[{"href":"https:\/\/pdt-rj.org.br\/index.php\/wp-json\/wp\/v2\/media?parent=50427"}],"wp:term":[{"taxonomy":"category","embeddable":true,"href":"https:\/\/pdt-rj.org.br\/index.php\/wp-json\/wp\/v2\/categories?post=50427"},{"taxonomy":"post_tag","embeddable":true,"href":"https:\/\/pdt-rj.org.br\/index.php\/wp-json\/wp\/v2\/tags?post=50427"}],"curies":[{"name":"wp","href":"https:\/\/api.w.org\/{rel}","templated":true}]}}