{"id":50263,"date":"2016-11-16T15:37:47","date_gmt":"2016-11-16T17:37:47","guid":{"rendered":"http:\/\/pdt-rj.org.br\/?p=50263"},"modified":"2017-10-26T09:07:26","modified_gmt":"2017-10-26T11:07:26","slug":"andre-figueiredo-destaca-alcance-social-do-futsal-brasileiro","status":"publish","type":"post","link":"https:\/\/pdt-rj.org.br\/index.php\/andre-figueiredo-destaca-alcance-social-do-futsal-brasileiro\/","title":{"rendered":"Andr\u00e9 Figueiredo destaca alcance social do futsal brasileiro"},"content":{"rendered":"<p id=\"yui_3_16_0_ym19_1_1479314480193_354147\" class=\"yiv7083720479MsoNormal\"><span id=\"yui_3_16_0_ym19_1_1479314480193_354146\"><img loading=\"lazy\" decoding=\"async\" class=\"alignnone size-medium wp-image-50264 alignleft\" src=\"http:\/\/pdt-rj.org.br\/wp-content\/uploads\/2016\/11\/Andr\u00e9-Figueiredo-destaca-alcance-social-do-futsal-brasileiro-300x225.jpg\" alt=\"Andr\u00e9 Figueiredo destaca alcance social do futsal brasileiro\" width=\"300\" height=\"225\" srcset=\"https:\/\/pdt-rj.org.br\/wp-content\/uploads\/2016\/11\/Andr\u00e9-Figueiredo-destaca-alcance-social-do-futsal-brasileiro-300x225.jpg 300w, https:\/\/pdt-rj.org.br\/wp-content\/uploads\/2016\/11\/Andr\u00e9-Figueiredo-destaca-alcance-social-do-futsal-brasileiro-100x75.jpg 100w, https:\/\/pdt-rj.org.br\/wp-content\/uploads\/2016\/11\/Andr\u00e9-Figueiredo-destaca-alcance-social-do-futsal-brasileiro-768x576.jpg 768w, https:\/\/pdt-rj.org.br\/wp-content\/uploads\/2016\/11\/Andr\u00e9-Figueiredo-destaca-alcance-social-do-futsal-brasileiro.jpg 1024w, https:\/\/pdt-rj.org.br\/wp-content\/uploads\/2016\/11\/Andr\u00e9-Figueiredo-destaca-alcance-social-do-futsal-brasileiro-120x90.jpg 120w\" sizes=\"auto, (max-width: 300px) 100vw, 300px\" \/>O deputado federal Andr\u00e9 Figueiredo (PDT-CE), participou do lan\u00e7amento da Frente Parlamentar Mista em Defesa do Futsal. O evento, realizado no \u00faltimo dia 8, na C\u00e2mara dos Deputados, reuniu autoridades e esportistas liderados pelo atacante Falc\u00e3o.\u00a0<\/span><\/p>\n<p class=\"yiv7083720479MsoNormal\">Ao lado do presidente da Confedera\u00e7\u00e3o Brasileira de Futebol de Sal\u00e3o, Marcos Madeira, o parlamentar cearense destacou que a iniciativa fortalecer\u00e1 a estrutura\u00e7\u00e3o e o fomento da pr\u00e1tica do esporte em todo o pa\u00eds.<\/p>\n<p class=\"yiv7083720479MsoNormal\">&#8220;O futsal nacional, que tem o estado do Cear\u00e1 como ber\u00e7o, contribui com o desenvolvimento social e \u00e9 adorado por milh\u00f5es de brasileiros. Por isso, seguiremos trabalhando para seu pleno desenvolvimento&#8221;, assegurou.<\/p>\n<p id=\"yui_3_16_0_ym19_1_1479314480193_354173\" class=\"yiv7083720479MsoNormal\"><span id=\"yui_3_16_0_ym19_1_1479314480193_354172\">Al\u00e9m de defender o reconhecimento do futsal pelo Comit\u00ea Ol\u00edmpico Internacional (COI), Marcos Madeira comentou que o tema ser\u00e1 potencializado com o apoio dos parlamentares. &#8220;Temos um efetivo instrumento de redu\u00e7\u00e3o das desigualdades sociais. A C\u00e2mara e o Senado contribuir\u00e3o com esse esporte genuinamente brasileiro&#8221;, concluiu.<\/span><\/p>\n<div align=\"justify\">A Frente tamb\u00e9m ir\u00e1 propor e analisar projetos de lei que disciplinem assuntos referentes ao futebol de sal\u00e3o (futsal), bem como companhar \u00a0e fortalecer o desenvolvimento do esporte no Brasil. \u00a0<\/div>\n<!-- AddThis Advanced Settings generic via filter on the_content --><!-- AddThis Share Buttons generic via filter on the_content -->","protected":false},"excerpt":{"rendered":"<p>O deputado federal Andr\u00e9 Figueiredo (PDT-CE), participou do lan\u00e7amento da Frente Parlamentar Mista em Defesa do Futsal. O evento, realizado no \u00faltimo dia 8, na C\u00e2mara dos Deputados, reuniu autoridades e esportistas liderados pelo atacante Falc\u00e3o.\u00a0 Ao lado do presidente da Confedera\u00e7\u00e3o Brasileira de Futebol de Sal\u00e3o, Marcos Madeira, o parlamentar cearense destacou que a&#8230;<!-- AddThis Advanced Settings generic via filter on wp_trim_excerpt --><!-- AddThis Share Buttons generic via filter on wp_trim_excerpt --><\/p>\n","protected":false},"author":17,"featured_media":0,"comment_status":"open","ping_status":"open","sticky":false,"template":"","format":"standard","meta":{"_monsterinsights_skip_tracking":false,"_monsterinsights_sitenote_active":false,"_monsterinsights_sitenote_note":"","_monsterinsights_sitenote_category":0,"_uf_show_specific_survey":0,"_uf_disable_surveys":false,"footnotes":""},"categories":[1459,1401,976],"tags":[34,1675,1676,1677,38],"class_list":["post-50263","post","type-post","status-publish","format-standard","hentry","category-congresso","category-nacional","category-noticias-em-destaque","tag-andre-figueiredo","tag-falcao","tag-frente-parlamentar-mista-em-defesa-do-futsal","tag-futsal","tag-pdt"],"acf":[],"_links":{"self":[{"href":"https:\/\/pdt-rj.org.br\/index.php\/wp-json\/wp\/v2\/posts\/50263","targetHints":{"allow":["GET"]}}],"collection":[{"href":"https:\/\/pdt-rj.org.br\/index.php\/wp-json\/wp\/v2\/posts"}],"about":[{"href":"https:\/\/pdt-rj.org.br\/index.php\/wp-json\/wp\/v2\/types\/post"}],"author":[{"embeddable":true,"href":"https:\/\/pdt-rj.org.br\/index.php\/wp-json\/wp\/v2\/users\/17"}],"replies":[{"embeddable":true,"href":"https:\/\/pdt-rj.org.br\/index.php\/wp-json\/wp\/v2\/comments?post=50263"}],"version-history":[{"count":1,"href":"https:\/\/pdt-rj.org.br\/index.php\/wp-json\/wp\/v2\/posts\/50263\/revisions"}],"predecessor-version":[{"id":56144,"href":"https:\/\/pdt-rj.org.br\/index.php\/wp-json\/wp\/v2\/posts\/50263\/revisions\/56144"}],"wp:attachment":[{"href":"https:\/\/pdt-rj.org.br\/index.php\/wp-json\/wp\/v2\/media?parent=50263"}],"wp:term":[{"taxonomy":"category","embeddable":true,"href":"https:\/\/pdt-rj.org.br\/index.php\/wp-json\/wp\/v2\/categories?post=50263"},{"taxonomy":"post_tag","embeddable":true,"href":"https:\/\/pdt-rj.org.br\/index.php\/wp-json\/wp\/v2\/tags?post=50263"}],"curies":[{"name":"wp","href":"https:\/\/api.w.org\/{rel}","templated":true}]}}