{"id":50194,"date":"2016-10-04T09:51:16","date_gmt":"2016-10-04T12:51:16","guid":{"rendered":"http:\/\/pdt-rj.org.br\/?p=48581"},"modified":"2016-10-04T09:51:16","modified_gmt":"2016-10-04T12:51:16","slug":"pdt-elege-311-prefeitos-e-mais-de-3-600-vereadores-no-1o-turno","status":"publish","type":"post","link":"https:\/\/pdt-rj.org.br\/index.php\/pdt-elege-311-prefeitos-e-mais-de-3-600-vereadores-no-1o-turno\/","title":{"rendered":"PDT elege 334 prefeitos e mais de 3.700 vereadores no 1\u00ba turno"},"content":{"rendered":"<p>O primeiro turno das elei\u00e7\u00f5es 2016 foi vitorioso para o PDT em 334 prefeituras do Brasil, um crescimento de 9,9% em rela\u00e7\u00e3o ao pleito de 2012. Essa primeira fase das elei\u00e7\u00f5es tamb\u00e9m foi decisivamente positiva para 3.756 vereadores da\u00a0legenda, representando um crescimento de 5,4%.<\/p>\n<p>Dentre as prefeituras que j\u00e1 conhecem seus novos gestores pedetistas ou que tiveram\u00a0reeleitos, destacam-se Natal, (RN), Sobral (CE), Bombinhas (SC) e Guajar\u00e1-Mirim (RO).<\/p>\n<p>Em Natal, a reelei\u00e7\u00e3o de Carlos Eduardo Alves, com 63,42% dos votos contra os 13% obtidos por seu principal advers\u00e1rio, referenda a excelente gest\u00e3o do pedetista. E, em Sobral, a revolu\u00e7\u00f5es nas \u00e1reas da educa\u00e7\u00e3o e da sa\u00fade continuaram gra\u00e7as \u00e0 elei\u00e7\u00e3o de Ivo Gomes, irm\u00e3o de Ciro e Cid Gomes, com 51,44%.<\/p>\n<p>A vit\u00f3ria pedetista ainda mais esmagadora vem de Santa Catarina, onde a prefeita de Bombinhas, Ana Paula da Silva, foi reeleita com mais de 72, 92% de votos.<\/p>\n<p>Em Guaraj\u00e1-Mirim, Rodrigo Nogueira, \u00fanico candidato que conseguiu regularizar sua situa\u00e7\u00e3o perante a Justi\u00e7a Eleitoral, foi eleito prefeito com 72,78% dos votos. De acordo com o TSE, o munic\u00edpio teve 77,75% da popula\u00e7\u00e3o votante, com \u00a022,35% absten\u00e7\u00f5es.<\/p>\n<p><strong>Segundo turno<\/strong><\/p>\n<p>No segundo turno do pleito, a briga dos pedetistas promete ser boa em Osasco (SP), Ribeir\u00e3o Preto (SP), Caxias do Sul (RS), Fortaleza (CE), S\u00e3o Lu\u00eds (MA), Maring\u00e1 (PR), Jaboat\u00e3o dos Guararapes (PE)\u00a0e Serra (ES), al\u00e9m das candidaturas a vice-prefeitos em Bel\u00e9m (PA), \u00a0e Porto Alegre (RS), entre outros.<\/p>\n<p>Em Osasco, Jorge Lapas (38,55%), enfrentar\u00e1 Rog\u00e9rio Lins (PTN \u2013 39,44%). Em Ribeir\u00e3o Preto, Ricardo Silva (27, 86%) enfrentar\u00e1 Duarte Nogueira (PSDB &#8211; 39,86%). Em Caxias do Sul, Edson N\u00e9spolo (43,54%) vai para a segunda rodada das vota\u00e7\u00f5es\u00a0com Daniel Guerra (PRB \u2013 29,11%).<\/p>\n<p>Em Maring\u00e1, Ulisses Maia (28,87%) foi para o segundo turno com Silvio Barros (PP-39,69%).<\/p>\n<p>Em Fortaleza, o prefeito Roberto Cl\u00e1udio (40,81%) disputar\u00e1 a prefer\u00eancia do eleitor com Capit\u00e3o Wagner (PR &#8211; 31,15%). E o atual prefeito de S\u00e3o Lu\u00eds, Edvaldo Holanda (45,66%), lutar\u00e1 pela reelei\u00e7\u00e3o com Eduardo Braide (PMN- 21,34%) de votos.<\/p>\n<p>Em Jaboat\u00e3o dos Guararapes, Neco (30,09%) entra firme na disputa com seu advers\u00e1rio Anderson Ferreira (34, 28%). Em Serra, o ex-deputado Sergio Vidigal (48,30%) enfrentar\u00e1 Audifax (Rede- 43,71%).<\/p>\n<p>Ainda no p\u00e1reo tamb\u00e9m est\u00e1 Juliana Brizola, candidata a vice-prefeita de Porto Alegre, na chama de Sebasti\u00e3o Melo(PMDB- 25,93%), que enfrenta Nelson Marchezan (PSDB-29, 84%). \u00a0E Allan Pombo, integrante da Juventude Socialista do PDT que, em Bel\u00e9m, concorre como vice na chapa de Edmilson (29,50%), contra Zenaldo Coutinho (PSDB-31,02%).<\/p>\n<!-- AddThis Advanced Settings generic via filter on the_content --><!-- AddThis Share Buttons generic via filter on the_content -->","protected":false},"excerpt":{"rendered":"<p>O primeiro turno das elei\u00e7\u00f5es 2016 foi vitorioso para o PDT em 334 prefeituras do Brasil, um crescimento de 9,9% em rela\u00e7\u00e3o ao pleito de 2012. Essa primeira fase das elei\u00e7\u00f5es tamb\u00e9m foi decisivamente positiva para 3.756 vereadores da\u00a0legenda, representando um crescimento de 5,4%. Dentre as prefeituras que j\u00e1 conhecem seus novos gestores pedetistas ou&#8230;<!-- AddThis Advanced Settings generic via filter on wp_trim_excerpt --><!-- AddThis Share Buttons generic via filter on wp_trim_excerpt --><\/p>\n","protected":false},"author":17,"featured_media":50191,"comment_status":"open","ping_status":"open","sticky":false,"template":"","format":"standard","meta":{"_monsterinsights_skip_tracking":false,"_monsterinsights_sitenote_active":false,"_monsterinsights_sitenote_note":"","_monsterinsights_sitenote_category":0,"_uf_show_specific_survey":0,"_uf_disable_surveys":false,"footnotes":""},"categories":[1401],"tags":[114,1032,1262,347,1009,1537,1235,38,1220,836,1538,873,1023],"class_list":["post-50194","post","type-post","status-publish","format-standard","has-post-thumbnail","hentry","category-nacional","tag-ana-paula-da-silva","tag-carlos-eduardo-alves","tag-edson-nespolo","tag-eleicoes-2016","tag-ivo-gomes","tag-juliana-brizola","tag-neco","tag-pdt","tag-ricardo-silva","tag-roberto-claudio","tag-rodrigo-nogueira","tag-sergio-vidigal","tag-ulisses-maia"],"acf":[],"_links":{"self":[{"href":"https:\/\/pdt-rj.org.br\/index.php\/wp-json\/wp\/v2\/posts\/50194","targetHints":{"allow":["GET"]}}],"collection":[{"href":"https:\/\/pdt-rj.org.br\/index.php\/wp-json\/wp\/v2\/posts"}],"about":[{"href":"https:\/\/pdt-rj.org.br\/index.php\/wp-json\/wp\/v2\/types\/post"}],"author":[{"embeddable":true,"href":"https:\/\/pdt-rj.org.br\/index.php\/wp-json\/wp\/v2\/users\/17"}],"replies":[{"embeddable":true,"href":"https:\/\/pdt-rj.org.br\/index.php\/wp-json\/wp\/v2\/comments?post=50194"}],"version-history":[{"count":0,"href":"https:\/\/pdt-rj.org.br\/index.php\/wp-json\/wp\/v2\/posts\/50194\/revisions"}],"wp:featuredmedia":[{"embeddable":true,"href":"https:\/\/pdt-rj.org.br\/index.php\/wp-json\/wp\/v2\/media\/50191"}],"wp:attachment":[{"href":"https:\/\/pdt-rj.org.br\/index.php\/wp-json\/wp\/v2\/media?parent=50194"}],"wp:term":[{"taxonomy":"category","embeddable":true,"href":"https:\/\/pdt-rj.org.br\/index.php\/wp-json\/wp\/v2\/categories?post=50194"},{"taxonomy":"post_tag","embeddable":true,"href":"https:\/\/pdt-rj.org.br\/index.php\/wp-json\/wp\/v2\/tags?post=50194"}],"curies":[{"name":"wp","href":"https:\/\/api.w.org\/{rel}","templated":true}]}}