{"id":50184,"date":"2016-10-06T18:40:48","date_gmt":"2016-10-06T21:40:48","guid":{"rendered":"http:\/\/pdt-rj.org.br\/?p=48763"},"modified":"2016-10-06T18:40:48","modified_gmt":"2016-10-06T21:40:48","slug":"comissao-aprova-parecer-de-flavia-morais-para-equiparacao-de-piso-salarial-de-professores-das-redes-publicas-e-particular","status":"publish","type":"post","link":"https:\/\/pdt-rj.org.br\/index.php\/comissao-aprova-parecer-de-flavia-morais-para-equiparacao-de-piso-salarial-de-professores-das-redes-publicas-e-particular\/","title":{"rendered":"Comiss\u00e3o aprova parecer de Fl\u00e1via Morais para equipara\u00e7\u00e3o de piso salarial de professores das redes p\u00fablicas e particular"},"content":{"rendered":"<p><img loading=\"lazy\" decoding=\"async\" class=\"alignnone size-medium wp-image-48769 alignright\" src=\"http:\/\/pdt-rj.org.br\/wp-content\/uploads\/2016\/10\/Deputada-Fl\u00e1via-Morais-PDT-GO-300x199.jpg\" alt=\"Deputada Fl\u00e1via Morais (PDT-GO)\" width=\"300\" height=\"199\" \/>A Comiss\u00e3o do Trabalho de Administra\u00e7\u00e3o P\u00fablica da C\u00e2mara aprovou nesta quarta-feira (5), o parecer da deputada federal <a href=\"https:\/\/www.facebook.com\/DepFlaviaMorais\/?fref=ts\">Fl\u00e1via Morais <\/a>(PDT-GO), ao Projeto de Lei <a href=\"http:\/\/www.camara.gov.br\/proposicoesWeb\/fichadetramitacao?idProposicao=568882\">5223\/13<\/a>, que disp\u00f5e sobre o piso salarial do professor de educa\u00e7\u00e3o b\u00e1sica da rede particular. A proposta determina o valor m\u00ednimo de R$ 1.567,00 para uma jornada de quarenta horas\/aula semanais em uma mesma escola.<\/p>\n<p>O projeto equipara o sal\u00e1rio dos professores da rede privada \u00e0 remunera\u00e7\u00e3o paga pelas unidades p\u00fablicas de educa\u00e7\u00e3o b\u00e1sica, conforme a Emenda Constitucional 53 e a Lei 11.738\/08, que\u00a0instituiu um piso salarial do magist\u00e9rio p\u00fablico. O texto prev\u00ea, ainda, reajuste do sal\u00e1rio de acordo com o \u00cdndice Nacional de Pre\u00e7os ao Consumidor (INPC) dos doze meses anteriores.<\/p>\n<p>No entendimento de Fl\u00e1via Morais, os professores das escolas privadas exercem em seu dia a dia as mesmas atividades que os da rede p\u00fablica de ensino. \u201cEles devem ter direito \u00e0\u00a0mesma remunera\u00e7\u00e3o, atendendo, assim, a um dos princ\u00edpios b\u00e1sicos que regem o direito do trabalho: o direito a sal\u00e1rio igual por trabalho igual\u201d, argumentou.<\/p>\n<p>O projeto ser\u00e1 analisado, em\u00a0car\u00e1ter conclusivo, pelas comiss\u00f5es de Educa\u00e7\u00e3o; e Constitui\u00e7\u00e3o de Justi\u00e7a e Cidadania.<\/p>\n<!-- AddThis Advanced Settings generic via filter on the_content --><!-- AddThis Share Buttons generic via filter on the_content -->","protected":false},"excerpt":{"rendered":"<p>A Comiss\u00e3o do Trabalho de Administra\u00e7\u00e3o P\u00fablica da C\u00e2mara aprovou nesta quarta-feira (5), o parecer da deputada federal Fl\u00e1via Morais (PDT-GO), ao Projeto de Lei 5223\/13, que disp\u00f5e sobre o piso salarial do professor de educa\u00e7\u00e3o b\u00e1sica da rede particular. A proposta determina o valor m\u00ednimo de R$ 1.567,00 para uma jornada de quarenta horas\/aula&#8230;<!-- AddThis Advanced Settings generic via filter on wp_trim_excerpt --><!-- AddThis Share Buttons generic via filter on wp_trim_excerpt --><\/p>\n","protected":false},"author":17,"featured_media":0,"comment_status":"open","ping_status":"open","sticky":false,"template":"","format":"standard","meta":{"_monsterinsights_skip_tracking":false,"_monsterinsights_sitenote_active":false,"_monsterinsights_sitenote_note":"","_monsterinsights_sitenote_category":0,"_uf_show_specific_survey":0,"_uf_disable_surveys":false,"footnotes":""},"categories":[1459],"tags":[1342,406,38,1479],"class_list":["post-50184","post","type-post","status-publish","format-standard","hentry","category-congresso","tag-educacao-basica","tag-flavia-morais","tag-pdt","tag-piso-salarial-do-professor"],"acf":[],"_links":{"self":[{"href":"https:\/\/pdt-rj.org.br\/index.php\/wp-json\/wp\/v2\/posts\/50184","targetHints":{"allow":["GET"]}}],"collection":[{"href":"https:\/\/pdt-rj.org.br\/index.php\/wp-json\/wp\/v2\/posts"}],"about":[{"href":"https:\/\/pdt-rj.org.br\/index.php\/wp-json\/wp\/v2\/types\/post"}],"author":[{"embeddable":true,"href":"https:\/\/pdt-rj.org.br\/index.php\/wp-json\/wp\/v2\/users\/17"}],"replies":[{"embeddable":true,"href":"https:\/\/pdt-rj.org.br\/index.php\/wp-json\/wp\/v2\/comments?post=50184"}],"version-history":[{"count":0,"href":"https:\/\/pdt-rj.org.br\/index.php\/wp-json\/wp\/v2\/posts\/50184\/revisions"}],"wp:attachment":[{"href":"https:\/\/pdt-rj.org.br\/index.php\/wp-json\/wp\/v2\/media?parent=50184"}],"wp:term":[{"taxonomy":"category","embeddable":true,"href":"https:\/\/pdt-rj.org.br\/index.php\/wp-json\/wp\/v2\/categories?post=50184"},{"taxonomy":"post_tag","embeddable":true,"href":"https:\/\/pdt-rj.org.br\/index.php\/wp-json\/wp\/v2\/tags?post=50184"}],"curies":[{"name":"wp","href":"https:\/\/api.w.org\/{rel}","templated":true}]}}