{"id":50183,"date":"2016-10-05T18:53:29","date_gmt":"2016-10-05T21:53:29","guid":{"rendered":"http:\/\/pdt-rj.org.br\/?p=48727"},"modified":"2016-10-05T18:53:29","modified_gmt":"2016-10-05T21:53:29","slug":"flavia-morais-homenageia-o-dia-internacional-do-idoso","status":"publish","type":"post","link":"https:\/\/pdt-rj.org.br\/index.php\/flavia-morais-homenageia-o-dia-internacional-do-idoso\/","title":{"rendered":"Fl\u00e1via Morais homenageia o Dia Internacional do idoso"},"content":{"rendered":"<p><img loading=\"lazy\" decoding=\"async\" class=\"alignnone size-medium wp-image-48728 alignleft\" src=\"http:\/\/pdt-rj.org.br\/wp-content\/uploads\/2016\/10\/Flavia_idoso-1024x681-300x200.jpg\" alt=\"Fl\u00e1via Morais homenageia o dia Internacional do idoso\" width=\"300\" height=\"200\" \/>A deputada federal <a href=\"https:\/\/www.facebook.com\/DepFlaviaMorais\/?fref=ts\">Fl\u00e1via Morais<\/a> (PDT-GO), presidiu nessa ter\u00e7a-feira (04) a sess\u00e3o de homenagem ao Dia Internacional do Idoso e ao 13\u00b0 ano do Estatuto do Idoso (Lei 10.741\/03), sancionado em 1\u00b0 de outubro de 2003. O evento foi realizado na C\u00e2mara dos Deputados, em atendimento a um requerimento da pedetista.<\/p>\n<p>Na ocasi\u00e3o, Fl\u00e1via Morais apresentou dados do Instituto Brasileiro de Geografia e Estat\u00edstica (IBGE), de 2015, que comprovam o aumento dos idosos no Pa\u00eds, em rela\u00e7\u00e3o a expectativa de vida da popula\u00e7\u00e3o brasileira, que, de acordo o \u00f3rg\u00e3o, em 2014, subiu para 75.2 anos, contra os 74.9 registrados em 2013.<\/p>\n<p>Ainda de acordo com o IBGE, a estimativa para os pr\u00f3ximos 20 anos \u00e9 que a popula\u00e7\u00e3o alcance os 81 anos de idade. Com o,<\/p>\n<p>Com base nesses dados, a Fl\u00e1via Morais defendeu a import\u00e2ncia da cria\u00e7\u00e3o de pol\u00edticas p\u00fablicas que atendam \u00e0s principais necessidades dos idosos, levando expectativas de viver a velhice com oportunidades e dignidade.<\/p>\n<p>A parlamentar tamb\u00e9m comentou propostas que est\u00e3o em an\u00e1lise na C\u00e2mara, como o PL 758\/07, que trata da constru\u00e7\u00e3o dos Centros-Dia para idosos. Para ela, os centros-dia v\u00e3o fazer com que os idosos mantenham o v\u00ednculo familiar, por permanecer durante o dia em atendimento, e \u00e0 noite, retornarem para os cuidados da fam\u00edlia.\u00a0<\/p>\n<p>\u201cEstes centros, se implantados, substituir\u00e3o os asilos, que contribuem para o abandono, uma das formas de viol\u00eancia contra o idoso\u201d, ressaltou.<\/p>\n<!-- AddThis Advanced Settings generic via filter on the_content --><!-- AddThis Share Buttons generic via filter on the_content -->","protected":false},"excerpt":{"rendered":"<p>A deputada federal Fl\u00e1via Morais (PDT-GO), presidiu nessa ter\u00e7a-feira (04) a sess\u00e3o de homenagem ao Dia Internacional do Idoso e ao 13\u00b0 ano do Estatuto do Idoso (Lei 10.741\/03), sancionado em 1\u00b0 de outubro de 2003. O evento foi realizado na C\u00e2mara dos Deputados, em atendimento a um requerimento da pedetista. Na ocasi\u00e3o, Fl\u00e1via Morais&#8230;<!-- AddThis Advanced Settings generic via filter on wp_trim_excerpt --><!-- AddThis Share Buttons generic via filter on wp_trim_excerpt --><\/p>\n","protected":false},"author":17,"featured_media":0,"comment_status":"open","ping_status":"open","sticky":false,"template":"","format":"standard","meta":{"_monsterinsights_skip_tracking":false,"_monsterinsights_sitenote_active":false,"_monsterinsights_sitenote_note":"","_monsterinsights_sitenote_category":0,"_uf_show_specific_survey":0,"_uf_disable_surveys":false,"footnotes":""},"categories":[1459],"tags":[1473,1474,1475,406,1476,1477,38,1478],"class_list":["post-50183","post","type-post","status-publish","format-standard","hentry","category-congresso","tag-centros-dias","tag-dia-internacional-do-idoso","tag-expectativa-de-vida","tag-flavia-morais","tag-ibge","tag-instituto-brasileiro-de-geografia-e-estatistica","tag-pdt","tag-populacao-idosa"],"acf":[],"_links":{"self":[{"href":"https:\/\/pdt-rj.org.br\/index.php\/wp-json\/wp\/v2\/posts\/50183","targetHints":{"allow":["GET"]}}],"collection":[{"href":"https:\/\/pdt-rj.org.br\/index.php\/wp-json\/wp\/v2\/posts"}],"about":[{"href":"https:\/\/pdt-rj.org.br\/index.php\/wp-json\/wp\/v2\/types\/post"}],"author":[{"embeddable":true,"href":"https:\/\/pdt-rj.org.br\/index.php\/wp-json\/wp\/v2\/users\/17"}],"replies":[{"embeddable":true,"href":"https:\/\/pdt-rj.org.br\/index.php\/wp-json\/wp\/v2\/comments?post=50183"}],"version-history":[{"count":0,"href":"https:\/\/pdt-rj.org.br\/index.php\/wp-json\/wp\/v2\/posts\/50183\/revisions"}],"wp:attachment":[{"href":"https:\/\/pdt-rj.org.br\/index.php\/wp-json\/wp\/v2\/media?parent=50183"}],"wp:term":[{"taxonomy":"category","embeddable":true,"href":"https:\/\/pdt-rj.org.br\/index.php\/wp-json\/wp\/v2\/categories?post=50183"},{"taxonomy":"post_tag","embeddable":true,"href":"https:\/\/pdt-rj.org.br\/index.php\/wp-json\/wp\/v2\/tags?post=50183"}],"curies":[{"name":"wp","href":"https:\/\/api.w.org\/{rel}","templated":true}]}}