{"id":50160,"date":"2016-11-14T17:58:41","date_gmt":"2016-11-14T19:58:41","guid":{"rendered":"http:\/\/pdt-rj.org.br\/?p=50160"},"modified":"2016-11-14T17:58:41","modified_gmt":"2016-11-14T19:58:41","slug":"assis-do-couto-integra-cpi-da-funai-e-incra","status":"publish","type":"post","link":"https:\/\/pdt-rj.org.br\/index.php\/assis-do-couto-integra-cpi-da-funai-e-incra\/","title":{"rendered":"Assis do Couto integra CPI da Funai e Incra"},"content":{"rendered":"<p><img loading=\"lazy\" decoding=\"async\" class=\"alignnone size-medium wp-image-50164 alignleft\" src=\"http:\/\/pdt-rj.org.br\/wp-content\/uploads\/2016\/11\/20090409121050_20090422_103ic-1024x672-300x197.jpg\" alt=\"Deputado Federal Assis do Couto\" width=\"300\" height=\"197\" \/>A Lideran\u00e7a do PDT na C\u00e2mara indicou o deputado federal Assis do Couto (PDT-PR) para participar da nova Comiss\u00e3o Parlamentar de Inqu\u00e9rito (CPI) que vai investigar fatos relativos \u00e0 Funda\u00e7\u00e3o Nacional do \u00cdndio (Funai) e ao Instituto Nacional de Coloniza\u00e7\u00e3o e Reforma Agr\u00e1ria (Incra).<\/p>\n<p>A CPI, inicialmente, vai apurar, no prazo de cento e vinte dias, conflitos e fraudes envolvendo \u00e1reas ind\u00edgenas ou por eles pretendidas nos Estados do Rio Grande do Sul, Santa Catarina, Bahia, Par\u00e1, Mato Grosso e Mato Grosso do Sul.<\/p>\n<p>Quanto ao Incra, devem ser investigados o julgamento do Tribunal de Contas da Uni\u00e3o (TCU) que apontou 578 mil lotes da reforma agr\u00e1ria com ind\u00edcios de irregularidades, a atua\u00e7\u00e3o da autarquia nos trabalhos referentes \u00e0 delimita\u00e7\u00e3o de territ\u00f3rios remanescentes de quilombos na regi\u00e3o de Morro Alto (RS) e Alc\u00e2ntara, no Maranh\u00e3o.<\/p>\n<p>Para Assis, tanto a quest\u00e3o ind\u00edgena quanto a reforma agr\u00e1ria s\u00e3o setores fr\u00e1geis da sociedade, que precisam de muita aten\u00e7\u00e3o. \u201cEstou \u00e0 disposi\u00e7\u00e3o. Vou procurar junto com o PDT, fazendo o melhor para os agricultores, para os ind\u00edgenas, e para o Pa\u00eds. Estou participando desta CPI desprovido de qualquer posi\u00e7\u00e3o pol\u00edtica, ideol\u00f3gica, sempre defendendo os meus princ\u00edpios e do meu partido\u201d.<\/p>\n<!-- AddThis Advanced Settings generic via filter on the_content --><!-- AddThis Share Buttons generic via filter on the_content -->","protected":false},"excerpt":{"rendered":"<p>A Lideran\u00e7a do PDT na C\u00e2mara indicou o deputado federal Assis do Couto (PDT-PR) para participar da nova Comiss\u00e3o Parlamentar de Inqu\u00e9rito (CPI) que vai investigar fatos relativos \u00e0 Funda\u00e7\u00e3o Nacional do \u00cdndio (Funai) e ao Instituto Nacional de Coloniza\u00e7\u00e3o e Reforma Agr\u00e1ria (Incra). A CPI, inicialmente, vai apurar, no prazo de cento e vinte&#8230;<!-- AddThis Advanced Settings generic via filter on wp_trim_excerpt --><!-- AddThis Share Buttons generic via filter on wp_trim_excerpt --><\/p>\n","protected":false},"author":17,"featured_media":0,"comment_status":"open","ping_status":"open","sticky":false,"template":"","format":"standard","meta":{"_monsterinsights_skip_tracking":false,"_monsterinsights_sitenote_active":false,"_monsterinsights_sitenote_note":"","_monsterinsights_sitenote_category":0,"_uf_show_specific_survey":0,"_uf_disable_surveys":false,"footnotes":""},"categories":[1459],"tags":[1517,137,1518,1519,425,427,1520,1521,1522,38,1523,1524],"class_list":["post-50160","post","type-post","status-publish","format-standard","hentry","category-congresso","tag-alcantara-ma","tag-assis-do-couto","tag-comissao-parlamentar-de-inquerito","tag-cpi","tag-funai","tag-fundacao-nacional-do-indio","tag-incra","tag-instituto-nacional-de-colonizacao-e-reforma-agraria","tag-morro-alto-rs","tag-pdt","tag-quilombos","tag-reforma-agraria"],"acf":[],"_links":{"self":[{"href":"https:\/\/pdt-rj.org.br\/index.php\/wp-json\/wp\/v2\/posts\/50160","targetHints":{"allow":["GET"]}}],"collection":[{"href":"https:\/\/pdt-rj.org.br\/index.php\/wp-json\/wp\/v2\/posts"}],"about":[{"href":"https:\/\/pdt-rj.org.br\/index.php\/wp-json\/wp\/v2\/types\/post"}],"author":[{"embeddable":true,"href":"https:\/\/pdt-rj.org.br\/index.php\/wp-json\/wp\/v2\/users\/17"}],"replies":[{"embeddable":true,"href":"https:\/\/pdt-rj.org.br\/index.php\/wp-json\/wp\/v2\/comments?post=50160"}],"version-history":[{"count":0,"href":"https:\/\/pdt-rj.org.br\/index.php\/wp-json\/wp\/v2\/posts\/50160\/revisions"}],"wp:attachment":[{"href":"https:\/\/pdt-rj.org.br\/index.php\/wp-json\/wp\/v2\/media?parent=50160"}],"wp:term":[{"taxonomy":"category","embeddable":true,"href":"https:\/\/pdt-rj.org.br\/index.php\/wp-json\/wp\/v2\/categories?post=50160"},{"taxonomy":"post_tag","embeddable":true,"href":"https:\/\/pdt-rj.org.br\/index.php\/wp-json\/wp\/v2\/tags?post=50160"}],"curies":[{"name":"wp","href":"https:\/\/api.w.org\/{rel}","templated":true}]}}