{"id":50051,"date":"2016-11-11T12:47:24","date_gmt":"2016-11-11T14:47:24","guid":{"rendered":"http:\/\/pdt-rj.org.br\/?p=50051"},"modified":"2016-11-11T12:47:24","modified_gmt":"2016-11-11T14:47:24","slug":"lupi-se-reune-com-liderancas-do-pdt-em-minas-gerais","status":"publish","type":"post","link":"https:\/\/pdt-rj.org.br\/index.php\/lupi-se-reune-com-liderancas-do-pdt-em-minas-gerais\/","title":{"rendered":"Lupi discute o futuro do PDT mineiro com Executiva Estadual"},"content":{"rendered":"<div id=\"yui_3_16_0_ym19_1_1478869221812_138286\" class=\"body undoreset\" tabindex=\"0\">\n<div id=\"yui_3_16_0_ym19_1_1478869221812_138285\" class=\"email-wrapped\">\n<div id=\"yiv3228030015\">\n<div id=\"yui_3_16_0_ym19_1_1478869221812_138284\">\n<div id=\"yui_3_16_0_ym19_1_1478869221812_138283\">\n<div id=\"yiv3228030015yui_3_16_0_ym19_1_1478812110681_23621\">\u00a0Na \u00faltima quarta-feira (9), o presidente nacional do PDT, <a href=\"https:\/\/www.facebook.com\/LupiPDT\/?fref=ts\">Carlos Lupi<\/a>, se reuniu com a Diretoria Executiva do partido em Minas Gerais para avaliar os resultados das elei\u00e7\u00f5es 2016 no estado e para falar sobre o projeto de governo para o pleito de 2018, que inclui o fortalecimento do PDT mineiro. Lupi se reuniu com a presidente estadual do PDT, <a href=\"https:\/\/www.facebook.com\/sirley.soalheiro?fref=ts\">S\u00edrley Soalheiro<\/a>, e com o presidente do Movimento Sindical do PDT-MG, Gleison Amaral, al\u00e9m de deputados estaduais e outros membros da Executiva local.<\/div>\n<p>Ao ressaltar a import\u00e2ncia de Minas Gerais para o Pa\u00eds, Lupi destacou a necessidade de o partido come\u00e7ar a trabalhar firme e de forma unida, em prol do crescimento da legenda para as pr\u00f3ximas elei\u00e7\u00f5es. \u00a0<\/p>\n<p>\u201cMinas Gerais \u00e9 um estado muito grande e muito importante para o cen\u00e1rio pol\u00edtico brasileiro. Precisamos nos organizar para as elei\u00e7\u00f5es 2018, fortalecendo o partido junto aos movimentos sociais e parlamentares, lan\u00e7ando candidatos a governador, senador e uma \u00f3tima nominata para deputado estadual e federal\u201d, pontuou o presidente.<\/p>\n<p>No encontro, os l\u00edderes pedetistas tamb\u00e9m discutiram a realidade dos metal\u00fargicos do munic\u00edpio de Betim, considerando, inclusive, que Gleison Amaral \u00e9 vice-presidente do <a href=\"http:\/\/metalurgicosdebetim.org.br\/novo\/index.php\">sindicato<\/a> da categoria daquela cidade e que, atualmente, concorre ao cargo de presidente da entidade. Em seu terceiro mandato, o pedetista tem se destacado por trabalhar pela renova\u00e7\u00e3o e feito cumprir, por exemplo, a cota de g\u00eanero com o m\u00ednimo de 30% de mulheres na chapa.\u00a0<\/p>\n<p>&#8220;Gostaria de agradecer a solidariedade e o empenho dos nossos presidentes Carlo Lupi e S\u00edrley Soalheiro, bem como de todos da Executiva Estadual do PDT de MG pela forma como t\u00eam tratado os problemas dos trabalhadores e trabalhadoras desse pa\u00eds\u201d, declarou Amaral.<\/p>\n<p>Na oportunidade, Lupi tamb\u00e9m se reuniu com a executiva da A\u00e7\u00e3o da Mulher Trabalhista (AMT-MG) para discutir a quest\u00e3o de g\u00eanero e o fortalecimento dos movimentos de base do partido.<\/p>\n<p>\u201cA participa\u00e7\u00e3o da mulher nos espa\u00e7os partid\u00e1rios \u00e9 muito importante e, por isso, deve ser respeitada\u201d, afirmou Lupi. \u00a0 \u00a0 \u00a0 \u00a0 \u00a0 \u00a0 \u00a0\u00a0<\/p>\n<\/div>\n<\/div>\n<\/div>\n<\/div>\n<\/div>\n<!-- AddThis Advanced Settings generic via filter on the_content --><!-- AddThis Share Buttons generic via filter on the_content -->","protected":false},"excerpt":{"rendered":"<p>\u00a0Na \u00faltima quarta-feira (9), o presidente nacional do PDT, Carlos Lupi, se reuniu com a Diretoria Executiva do partido em Minas Gerais para avaliar os resultados das elei\u00e7\u00f5es 2016 no estado e para falar sobre o projeto de governo para o pleito de 2018, que inclui o fortalecimento do PDT mineiro. Lupi se reuniu com&#8230;<!-- AddThis Advanced Settings generic via filter on wp_trim_excerpt --><!-- AddThis Share Buttons generic via filter on wp_trim_excerpt --><\/p>\n","protected":false},"author":17,"featured_media":0,"comment_status":"open","ping_status":"open","sticky":false,"template":"","format":"standard","meta":{"_monsterinsights_skip_tracking":false,"_monsterinsights_sitenote_active":false,"_monsterinsights_sitenote_note":"","_monsterinsights_sitenote_category":0,"_uf_show_specific_survey":0,"_uf_disable_surveys":false,"footnotes":""},"categories":[1401],"tags":[87,1572,196,348,1573,1574,618,38,1575,883],"class_list":["post-50051","post","type-post","status-publish","format-standard","hentry","category-nacional","tag-acao-da-mulher-trabalhista","tag-amt-mg","tag-carlos-lupi","tag-eleicoes-2018","tag-gleison-amaral","tag-metalurgicos","tag-minas-gerais","tag-pdt","tag-sindicato","tag-sirley-soalheiro"],"acf":[],"_links":{"self":[{"href":"https:\/\/pdt-rj.org.br\/index.php\/wp-json\/wp\/v2\/posts\/50051","targetHints":{"allow":["GET"]}}],"collection":[{"href":"https:\/\/pdt-rj.org.br\/index.php\/wp-json\/wp\/v2\/posts"}],"about":[{"href":"https:\/\/pdt-rj.org.br\/index.php\/wp-json\/wp\/v2\/types\/post"}],"author":[{"embeddable":true,"href":"https:\/\/pdt-rj.org.br\/index.php\/wp-json\/wp\/v2\/users\/17"}],"replies":[{"embeddable":true,"href":"https:\/\/pdt-rj.org.br\/index.php\/wp-json\/wp\/v2\/comments?post=50051"}],"version-history":[{"count":0,"href":"https:\/\/pdt-rj.org.br\/index.php\/wp-json\/wp\/v2\/posts\/50051\/revisions"}],"wp:attachment":[{"href":"https:\/\/pdt-rj.org.br\/index.php\/wp-json\/wp\/v2\/media?parent=50051"}],"wp:term":[{"taxonomy":"category","embeddable":true,"href":"https:\/\/pdt-rj.org.br\/index.php\/wp-json\/wp\/v2\/categories?post=50051"},{"taxonomy":"post_tag","embeddable":true,"href":"https:\/\/pdt-rj.org.br\/index.php\/wp-json\/wp\/v2\/tags?post=50051"}],"curies":[{"name":"wp","href":"https:\/\/api.w.org\/{rel}","templated":true}]}}