{"id":50046,"date":"2016-11-10T18:25:21","date_gmt":"2016-11-10T20:25:21","guid":{"rendered":"http:\/\/pdt-rj.org.br\/?post_type=artigo&#038;p=50046"},"modified":"2017-01-16T09:50:25","modified_gmt":"2017-01-16T11:50:25","slug":"os-estados-unidos-e-o-futuro","status":"publish","type":"post","link":"https:\/\/pdt-rj.org.br\/index.php\/os-estados-unidos-e-o-futuro\/","title":{"rendered":"Os Estados Unidos e o Futuro"},"content":{"rendered":"<p>O ano ainda n\u00e3o terminou, mas se configura como um dos mais impactantes da hist\u00f3ria moderna.<\/p>\n<p>A sa\u00edda do Reino Unido da Uni\u00e3o Europeia e a elei\u00e7\u00e3o de Donald Trump para a presid\u00eancia dos Estados Unidos demonstram que a humanidade decidiu volver \u00e0 direita e substituir valores embasados no bem comum pelo egocentrismo. Fechamos o ciclo da luta pelo \u201cnosso\u201d e retornamos ao \u201ccada um por si\u201d.<\/p>\n<p>Analistas pol\u00edticos est\u00e3o at\u00f4nitos, n\u00e3o arriscam uma previs\u00e3o sobre o que vir\u00e1, mas s\u00e3o un\u00e2nimes em afirmar que o mundo n\u00e3o ser\u00e1 mais o mesmo.<\/p>\n<p>H\u00e1 algumas d\u00e9cadas era simples saber contra o que e pelo que lutar. Pinochet, Somoza, Franco foram ditadores, tomaram o poder pela for\u00e7a das armas; Trump foi eleito pelo povo, apesar do racismo, da xenofobia e do sexismo.<\/p>\n<p>Isso confunde e nos remete a um terreno imprevis\u00edvel, onde o certo pode n\u00e3o ter amparo legal. Passamos por algo semelhante no Brasil. Apesar de eleita pelo voto popular, Dilma Roussef sofreu tal press\u00e3o, que resultou num processo de impeachment \u2013 isso n\u00e3o deve ocorrer com Trump.<\/p>\n<p>A direita emergente brasileira n\u00e3o tolerou que os programas sociais em curso, considerados populistas, se perpetuassem. Da\u00ed, estarmos \u00e0s voltas com a PEC 241, a proposta do retrocesso.<\/p>\n<p>Apesar de bem avaliado, Barak Obama n\u00e3o conseguiu eleger o sucessor. Foi duramente criticado pelo Obamacare, uma reformula\u00e7\u00e3o do sistema de sa\u00fade que impedia que planos discriminassem pacientes.<\/p>\n<p>Aproximou-se de Cuba e n\u00e3o foi t\u00e3o belicista quanto muitos queriam com rela\u00e7\u00e3o \u00e0 pol\u00edtica internacional. Deixaria esse legado para Hillary Clinton, mas os americanos n\u00e3o concordaram, preferiram o combate aos imigrantes e a possibilidade de ataques nucleares a terroristas.<\/p>\n<p>Mas quando come\u00e7ou essa guinada \u00e0 direita que se observa no mundo? \u00c9 dif\u00edcil precisar, mas \u00e9 fato que o avan\u00e7o tecnol\u00f3gico, que deveria aproximar as pessoas, tem servido para propagar o ego\u00edsmo e o isolacionismo, um paradoxo que merece ser estudado.<\/p>\n<p>As chamadas redes sociais da mesma maneira que disseminam boas ideias, tamb\u00e9m propagam o \u00f3dio e a intoler\u00e2ncia. Quem defende a democracia n\u00e3o costuma ser virulento, j\u00e1 o contr\u00e1rio&#8230; Foi o que aconteceu nos EUA.<\/p>\n<p>Os intolerantes encontram em Donald Trump um porta voz, esperamos que ele n\u00e3o se torne um algoz da democracia.<\/p>\n<p>O ano ainda n\u00e3o terminou, mas os poucos dias que faltam para 2017 devem nos levar a uma reflex\u00e3o sobre que futuro estamos construindo para nossos filhos e netos. Talvez o Natal nos traga um pouco de paz, conc\u00f3rdia e comunh\u00e3o. Estamos precisando.<\/p>\n<p>No que concerne a mim, que exer\u00e7o a atividade pol\u00edtica desde o final dos anos 60, o quadro entristece, mas n\u00e3o me esmorece.<\/p>\n<p>Pelo contr\u00e1rio, ganho um novo \u00e2nimo para continuar lutando pelo que \u00e9 justo e certo, lutando pela democracia.<\/p>\n<p>&nbsp;<\/p>\n<p><em><strong>*Ronaldo Augusto Lessa Santos \u00e9 ex-prefeito de Macei\u00f3, ex-governador de Alagoas, por dois mandatos, e, atualmente, \u00e9 deputado federal pelo PDT.<\/strong><\/em><\/p>\n<p>&nbsp;<\/p>\n<p>**Artigo semanal, publicado pelo jornal Gazeta de Alagoas.<\/p>\n<!-- AddThis Advanced Settings generic via filter on the_content --><!-- AddThis Share Buttons generic via filter on the_content -->","protected":false},"excerpt":{"rendered":"<p>O ano ainda n\u00e3o terminou, mas se configura como um dos mais impactantes da hist\u00f3ria moderna. A sa\u00edda do Reino Unido da Uni\u00e3o Europeia e a elei\u00e7\u00e3o de Donald Trump para a presid\u00eancia dos Estados Unidos demonstram que a humanidade decidiu volver \u00e0 direita e substituir valores embasados no bem comum pelo egocentrismo. Fechamos o&#8230;<!-- AddThis Advanced Settings generic via filter on wp_trim_excerpt --><!-- AddThis Share Buttons generic via filter on wp_trim_excerpt --><\/p>\n","protected":false},"author":17,"featured_media":0,"comment_status":"closed","ping_status":"closed","sticky":false,"template":"","format":"standard","meta":{"_monsterinsights_skip_tracking":false,"_monsterinsights_sitenote_active":false,"_monsterinsights_sitenote_note":"","_monsterinsights_sitenote_category":0,"_uf_show_specific_survey":0,"_uf_disable_surveys":false,"footnotes":""},"categories":[1584],"tags":[1862,1863,1864,1460,1865,841,1866],"class_list":["post-50046","post","type-post","status-publish","format-standard","hentry","category-artigos","tag-barak-obama","tag-bem-comum","tag-donald-trump","tag-pec-241","tag-presidencia-dos-estados-unidos","tag-ronaldo-lessa","tag-valores"],"acf":[],"_links":{"self":[{"href":"https:\/\/pdt-rj.org.br\/index.php\/wp-json\/wp\/v2\/posts\/50046","targetHints":{"allow":["GET"]}}],"collection":[{"href":"https:\/\/pdt-rj.org.br\/index.php\/wp-json\/wp\/v2\/posts"}],"about":[{"href":"https:\/\/pdt-rj.org.br\/index.php\/wp-json\/wp\/v2\/types\/post"}],"author":[{"embeddable":true,"href":"https:\/\/pdt-rj.org.br\/index.php\/wp-json\/wp\/v2\/users\/17"}],"replies":[{"embeddable":true,"href":"https:\/\/pdt-rj.org.br\/index.php\/wp-json\/wp\/v2\/comments?post=50046"}],"version-history":[{"count":1,"href":"https:\/\/pdt-rj.org.br\/index.php\/wp-json\/wp\/v2\/posts\/50046\/revisions"}],"predecessor-version":[{"id":52160,"href":"https:\/\/pdt-rj.org.br\/index.php\/wp-json\/wp\/v2\/posts\/50046\/revisions\/52160"}],"wp:attachment":[{"href":"https:\/\/pdt-rj.org.br\/index.php\/wp-json\/wp\/v2\/media?parent=50046"}],"wp:term":[{"taxonomy":"category","embeddable":true,"href":"https:\/\/pdt-rj.org.br\/index.php\/wp-json\/wp\/v2\/categories?post=50046"},{"taxonomy":"post_tag","embeddable":true,"href":"https:\/\/pdt-rj.org.br\/index.php\/wp-json\/wp\/v2\/tags?post=50046"}],"curies":[{"name":"wp","href":"https:\/\/api.w.org\/{rel}","templated":true}]}}