{"id":49943,"date":"2016-11-09T18:19:08","date_gmt":"2016-11-09T20:19:08","guid":{"rendered":"http:\/\/pdt-rj.org.br\/?p=49943"},"modified":"2016-11-09T18:19:08","modified_gmt":"2016-11-09T20:19:08","slug":"movimento-da-legalidade-se-torna-patrimonio-cultural-de-porto-alegre","status":"publish","type":"post","link":"https:\/\/pdt-rj.org.br\/index.php\/movimento-da-legalidade-se-torna-patrimonio-cultural-de-porto-alegre\/","title":{"rendered":"Movimento da Legalidade se torna patrim\u00f4nio cultural de Porto Alegre"},"content":{"rendered":"<p><img loading=\"lazy\" decoding=\"async\" class=\"alignnone size-medium wp-image-49945 alignleft\" src=\"http:\/\/pdt-rj.org.br\/wp-content\/uploads\/2016\/11\/Legalidade-foto-N\u00facleo-de-Especiais-2-300x193.jpg\" alt=\"Legalidade-foto-N\u00facleo-de-Especiais-2\" width=\"300\" height=\"193\" srcset=\"https:\/\/pdt-rj.org.br\/wp-content\/uploads\/2016\/11\/Legalidade-foto-N\u00facleo-de-Especiais-2-300x193.jpg 300w, https:\/\/pdt-rj.org.br\/wp-content\/uploads\/2016\/11\/Legalidade-foto-N\u00facleo-de-Especiais-2-100x64.jpg 100w, https:\/\/pdt-rj.org.br\/wp-content\/uploads\/2016\/11\/Legalidade-foto-N\u00facleo-de-Especiais-2-140x90.jpg 140w, https:\/\/pdt-rj.org.br\/wp-content\/uploads\/2016\/11\/Legalidade-foto-N\u00facleo-de-Especiais-2-500x324.jpg 500w, https:\/\/pdt-rj.org.br\/wp-content\/uploads\/2016\/11\/Legalidade-foto-N\u00facleo-de-Especiais-2.jpg 504w\" sizes=\"auto, (max-width: 300px) 100vw, 300px\" \/>A C\u00e2mara Municipal de Porto Alegre aprovou a inclus\u00e3o do Movimento da Legalidade no registro de bens culturais de natureza imaterial, que formam o patrim\u00f4nio cultural de Porto Alegre. A iniciativa \u00e9 do vereador <a href=\"https:\/\/www.facebook.com\/delegado.cleitoniii?fref=ts\">Delegado Cleiton<\/a> (PDT-RS), autor do projeto indicativo 045\/2015, provado no dia 3 deste m\u00eas.<\/p>\n<p>Entre as justificativas para a medida, o parlamentar pedetista explica que o Movimento da Legalidade foi um dos mais marcantes e epis\u00f3dios da Hist\u00f3ria brasileira, tendo como um dos principais l\u00edderes o trabalhista Leonel Brizola.<\/p>\n<p>\u201c\u00c9 um dos mais fortes e marcantes epis\u00f3dios da hist\u00f3ria brasileira. Pode ser entendido n\u00e3o apenas pela defesa democr\u00e1tica, mas tamb\u00e9m pela defesa do Brasil\u201d, destaca o vereador.<\/p>\n<!-- AddThis Advanced Settings generic via filter on the_content --><!-- AddThis Share Buttons generic via filter on the_content -->","protected":false},"excerpt":{"rendered":"<p>A C\u00e2mara Municipal de Porto Alegre aprovou a inclus\u00e3o do Movimento da Legalidade no registro de bens culturais de natureza imaterial, que formam o patrim\u00f4nio cultural de Porto Alegre. A iniciativa \u00e9 do vereador Delegado Cleiton (PDT-RS), autor do projeto indicativo 045\/2015, provado no dia 3 deste m\u00eas. Entre as justificativas para a medida, o&#8230;<!-- AddThis Advanced Settings generic via filter on wp_trim_excerpt --><!-- AddThis Share Buttons generic via filter on wp_trim_excerpt --><\/p>\n","protected":false},"author":17,"featured_media":0,"comment_status":"open","ping_status":"open","sticky":false,"template":"","format":"standard","meta":{"_monsterinsights_skip_tracking":false,"_monsterinsights_sitenote_active":false,"_monsterinsights_sitenote_note":"","_monsterinsights_sitenote_category":0,"_uf_show_specific_survey":0,"_uf_disable_surveys":false,"footnotes":""},"categories":[1402],"tags":[1437,565,1438,38,1439,833],"class_list":["post-49943","post","type-post","status-publish","format-standard","hentry","category-cidades","tag-delegado-cleiton","tag-leonel-brizola","tag-movimento-da-legalidade","tag-pdt","tag-porto-alegre-rs","tag-rio-grande-do-sul"],"acf":[],"_links":{"self":[{"href":"https:\/\/pdt-rj.org.br\/index.php\/wp-json\/wp\/v2\/posts\/49943","targetHints":{"allow":["GET"]}}],"collection":[{"href":"https:\/\/pdt-rj.org.br\/index.php\/wp-json\/wp\/v2\/posts"}],"about":[{"href":"https:\/\/pdt-rj.org.br\/index.php\/wp-json\/wp\/v2\/types\/post"}],"author":[{"embeddable":true,"href":"https:\/\/pdt-rj.org.br\/index.php\/wp-json\/wp\/v2\/users\/17"}],"replies":[{"embeddable":true,"href":"https:\/\/pdt-rj.org.br\/index.php\/wp-json\/wp\/v2\/comments?post=49943"}],"version-history":[{"count":0,"href":"https:\/\/pdt-rj.org.br\/index.php\/wp-json\/wp\/v2\/posts\/49943\/revisions"}],"wp:attachment":[{"href":"https:\/\/pdt-rj.org.br\/index.php\/wp-json\/wp\/v2\/media?parent=49943"}],"wp:term":[{"taxonomy":"category","embeddable":true,"href":"https:\/\/pdt-rj.org.br\/index.php\/wp-json\/wp\/v2\/categories?post=49943"},{"taxonomy":"post_tag","embeddable":true,"href":"https:\/\/pdt-rj.org.br\/index.php\/wp-json\/wp\/v2\/tags?post=49943"}],"curies":[{"name":"wp","href":"https:\/\/api.w.org\/{rel}","templated":true}]}}